{"id":2646,"date":"2026-04-26T14:56:48","date_gmt":"2026-04-26T12:56:48","guid":{"rendered":"https:\/\/www.upper-rhine-ports.eu\/abschlusskolloquium-der-interreg-projekte-crane-une-climability-care-in-strassburg\/"},"modified":"2026-04-26T15:01:42","modified_gmt":"2026-04-26T13:01:42","slug":"abschlusskolloquium-der-interreg-projekte-crane-une-climability-care-in-strassburg","status":"publish","type":"post","link":"https:\/\/www.upper-rhine-ports.eu\/de\/abschlusskolloquium-der-interreg-projekte-crane-une-climability-care-in-strassburg\/","title":{"rendered":"Abschlusskolloquium der Interreg-Projekte CRANE une Clim&#8217;Ability Care in Strassburg"},"content":{"rendered":"\n<hr class=\"wp-block-separator has-alpha-channel-opacity\"\/>\n\n<p>Der Hafen Stra\u00dfburg, die INSA Strasbourg und TRION\u2011climat organisieren am 27. April 2026 das Abschlusssymposium der europ\u00e4ischen Projekte CRANE und Clim\u2019Ability Care, die sich der Klimaanpassung und \u2011resilienz von H\u00e4fen und der Binnenschifffahrt im Oberrheingebiet widmen. H\u00e4fen, Wissenschaft und \u00f6ffentliche Akteure kommen dabei um eine zentrale Botschaft zusammen: H\u00e4fen verf\u00fcgen heute \u00fcber konkrete L\u00f6sungen, eine gemeinsame Dynamik der Anpassung ist in Gang gesetzt, und der Rhein bleibt ein Verkehrstr\u00e4ger mit Zukunft.<\/p>\n\n<p><strong>Ein Kolloquium zum Erfahrungsaustausch und zur Vorbereitung der n\u00e4chsten Schritte<\/strong><\/p>\n\n<p>Das Kolloquium am 27. April 2026 bietet die Gelegenheit, diese Ergebnisse im Rahmen eines Vormittags, der den Projekten CRANE und Clim\u2019Ability Care gewidmet ist, zu teilen. Auf dem Programm stehen wissenschaftliche Beitr\u00e4ge des Fraunhofer IAIS und des Cerema, gefolgt von einer hochkar\u00e4tigen Podiumsdiskussion zu den Erkenntnissen des Projekts, den notwendigen n\u00e4chsten Schritten sowie der zentralen Rolle der grenz\u00fcberschreitenden Zusammenarbeit.<br\/>Der Nachmittag ist Exkursionen in die H\u00e4fen von Stra\u00dfburg und Kehl gewidmet.<\/p>\n\n<p><\/p>\n","protected":false},"excerpt":{"rendered":"<p>Der Hafen Stra\u00dfburg, die INSA Strasbourg und TRION\u2011climat organisieren am 27. April 2026 das Abschlusssymposium der europ\u00e4ischen Projekte CRANE und Clim\u2019Ability Care, die sich der Klimaanpassung und \u2011resilienz von H\u00e4fen und der Binnenschifffahrt im Oberrheingebiet widmen. H\u00e4fen, Wissenschaft und \u00f6ffentliche Akteure kommen dabei um eine zentrale Botschaft zusammen: H\u00e4fen verf\u00fcgen heute \u00fcber konkrete L\u00f6sungen, eine [&hellip;]<\/p>\n","protected":false},"author":3,"featured_media":2642,"comment_status":"closed","ping_status":"closed","sticky":false,"template":"","format":"standard","meta":{"_acf_changed":false,"inline_featured_image":false,"_uag_custom_page_level_css":"","footnotes":""},"categories":[44],"tags":[],"post_folder":[],"class_list":["post-2646","post","type-post","status-publish","format-standard","has-post-thumbnail","hentry","category-unkategorisiert"],"acf":[],"mb":[],"yoast_head":"<!-- This site is optimized with the Yoast SEO plugin v27.3 - https:\/\/yoast.com\/product\/yoast-seo-wordpress\/ -->\n<title>Abschlusskolloquium der Interreg-Projekte CRANE une Clim&#039;Ability Care in Strassburg - Upper Rhine Ports<\/title>\n<meta name=\"robots\" content=\"index, follow, max-snippet:-1, max-image-preview:large, max-video-preview:-1\" \/>\n<link rel=\"canonical\" href=\"https:\/\/www.upper-rhine-ports.eu\/de\/abschlusskolloquium-der-interreg-projekte-crane-une-climability-care-in-strassburg\/\" \/>\n<meta property=\"og:locale\" content=\"de_DE\" \/>\n<meta property=\"og:type\" content=\"article\" \/>\n<meta property=\"og:title\" content=\"Abschlusskolloquium der Interreg-Projekte CRANE une Clim&#039;Ability Care in Strassburg - Upper Rhine Ports\" \/>\n<meta property=\"og:description\" content=\"Der Hafen Stra\u00dfburg, die INSA Strasbourg und TRION\u2011climat organisieren am 27. April 2026 das Abschlusssymposium der europ\u00e4ischen Projekte CRANE und Clim\u2019Ability Care, die sich der Klimaanpassung und \u2011resilienz von H\u00e4fen und der Binnenschifffahrt im Oberrheingebiet widmen. H\u00e4fen, Wissenschaft und \u00f6ffentliche Akteure kommen dabei um eine zentrale Botschaft zusammen: H\u00e4fen verf\u00fcgen heute \u00fcber konkrete L\u00f6sungen, eine [&hellip;]\" \/>\n<meta property=\"og:url\" content=\"https:\/\/www.upper-rhine-ports.eu\/de\/abschlusskolloquium-der-interreg-projekte-crane-une-climability-care-in-strassburg\/\" \/>\n<meta property=\"og:site_name\" content=\"Upper Rhine Ports\" \/>\n<meta property=\"article:published_time\" content=\"2026-04-26T12:56:48+00:00\" \/>\n<meta property=\"article:modified_time\" content=\"2026-04-26T13:01:42+00:00\" \/>\n<meta property=\"og:image\" content=\"https:\/\/www.upper-rhine-ports.eu\/wp-content\/uploads\/2026\/04\/Standbild_Abschlusskolloquium_ClimAbilityCare_CRANE_page-0001.jpg\" \/>\n\t<meta property=\"og:image:width\" content=\"2000\" \/>\n\t<meta property=\"og:image:height\" content=\"1125\" \/>\n\t<meta property=\"og:image:type\" content=\"image\/jpeg\" \/>\n<meta name=\"author\" content=\"Manfred Rausch\" \/>\n<meta name=\"twitter:card\" content=\"summary_large_image\" \/>\n<meta name=\"twitter:label1\" content=\"Verfasst von\" \/>\n\t<meta name=\"twitter:data1\" content=\"Manfred Rausch\" \/>\n\t<meta name=\"twitter:label2\" content=\"Gesch\u00e4tzte Lesezeit\" \/>\n\t<meta name=\"twitter:data2\" content=\"1\u00a0Minute\" \/>\n<script type=\"application\/ld+json\" class=\"yoast-schema-graph\">{\"@context\":\"https:\\\/\\\/schema.org\",\"@graph\":[{\"@type\":\"Article\",\"@id\":\"https:\\\/\\\/www.upper-rhine-ports.eu\\\/de\\\/abschlusskolloquium-der-interreg-projekte-crane-une-climability-care-in-strassburg\\\/#article\",\"isPartOf\":{\"@id\":\"https:\\\/\\\/www.upper-rhine-ports.eu\\\/de\\\/abschlusskolloquium-der-interreg-projekte-crane-une-climability-care-in-strassburg\\\/\"},\"author\":{\"name\":\"Manfred Rausch\",\"@id\":\"https:\\\/\\\/www.upper-rhine-ports.eu\\\/de\\\/#\\\/schema\\\/person\\\/7c577a031f4a667714c72948b0c9ab9c\"},\"headline\":\"Abschlusskolloquium der Interreg-Projekte CRANE une Clim&#8217;Ability Care in Strassburg\",\"datePublished\":\"2026-04-26T12:56:48+00:00\",\"dateModified\":\"2026-04-26T13:01:42+00:00\",\"mainEntityOfPage\":{\"@id\":\"https:\\\/\\\/www.upper-rhine-ports.eu\\\/de\\\/abschlusskolloquium-der-interreg-projekte-crane-une-climability-care-in-strassburg\\\/\"},\"wordCount\":176,\"publisher\":{\"@id\":\"https:\\\/\\\/www.upper-rhine-ports.eu\\\/de\\\/#organization\"},\"image\":{\"@id\":\"https:\\\/\\\/www.upper-rhine-ports.eu\\\/de\\\/abschlusskolloquium-der-interreg-projekte-crane-une-climability-care-in-strassburg\\\/#primaryimage\"},\"thumbnailUrl\":\"https:\\\/\\\/www.upper-rhine-ports.eu\\\/wp-content\\\/uploads\\\/2026\\\/04\\\/Standbild_Abschlusskolloquium_ClimAbilityCare_CRANE_page-0001.jpg\",\"articleSection\":[\"Unkategorisiert\"],\"inLanguage\":\"de\"},{\"@type\":\"WebPage\",\"@id\":\"https:\\\/\\\/www.upper-rhine-ports.eu\\\/de\\\/abschlusskolloquium-der-interreg-projekte-crane-une-climability-care-in-strassburg\\\/\",\"url\":\"https:\\\/\\\/www.upper-rhine-ports.eu\\\/de\\\/abschlusskolloquium-der-interreg-projekte-crane-une-climability-care-in-strassburg\\\/\",\"name\":\"Abschlusskolloquium der Interreg-Projekte CRANE une Clim'Ability Care in Strassburg - Upper Rhine Ports\",\"isPartOf\":{\"@id\":\"https:\\\/\\\/www.upper-rhine-ports.eu\\\/de\\\/#website\"},\"primaryImageOfPage\":{\"@id\":\"https:\\\/\\\/www.upper-rhine-ports.eu\\\/de\\\/abschlusskolloquium-der-interreg-projekte-crane-une-climability-care-in-strassburg\\\/#primaryimage\"},\"image\":{\"@id\":\"https:\\\/\\\/www.upper-rhine-ports.eu\\\/de\\\/abschlusskolloquium-der-interreg-projekte-crane-une-climability-care-in-strassburg\\\/#primaryimage\"},\"thumbnailUrl\":\"https:\\\/\\\/www.upper-rhine-ports.eu\\\/wp-content\\\/uploads\\\/2026\\\/04\\\/Standbild_Abschlusskolloquium_ClimAbilityCare_CRANE_page-0001.jpg\",\"datePublished\":\"2026-04-26T12:56:48+00:00\",\"dateModified\":\"2026-04-26T13:01:42+00:00\",\"breadcrumb\":{\"@id\":\"https:\\\/\\\/www.upper-rhine-ports.eu\\\/de\\\/abschlusskolloquium-der-interreg-projekte-crane-une-climability-care-in-strassburg\\\/#breadcrumb\"},\"inLanguage\":\"de\",\"potentialAction\":[{\"@type\":\"ReadAction\",\"target\":[\"https:\\\/\\\/www.upper-rhine-ports.eu\\\/de\\\/abschlusskolloquium-der-interreg-projekte-crane-une-climability-care-in-strassburg\\\/\"]}]},{\"@type\":\"ImageObject\",\"inLanguage\":\"de\",\"@id\":\"https:\\\/\\\/www.upper-rhine-ports.eu\\\/de\\\/abschlusskolloquium-der-interreg-projekte-crane-une-climability-care-in-strassburg\\\/#primaryimage\",\"url\":\"https:\\\/\\\/www.upper-rhine-ports.eu\\\/wp-content\\\/uploads\\\/2026\\\/04\\\/Standbild_Abschlusskolloquium_ClimAbilityCare_CRANE_page-0001.jpg\",\"contentUrl\":\"https:\\\/\\\/www.upper-rhine-ports.eu\\\/wp-content\\\/uploads\\\/2026\\\/04\\\/Standbild_Abschlusskolloquium_ClimAbilityCare_CRANE_page-0001.jpg\",\"width\":2000,\"height\":1125},{\"@type\":\"BreadcrumbList\",\"@id\":\"https:\\\/\\\/www.upper-rhine-ports.eu\\\/de\\\/abschlusskolloquium-der-interreg-projekte-crane-une-climability-care-in-strassburg\\\/#breadcrumb\",\"itemListElement\":[{\"@type\":\"ListItem\",\"position\":1,\"name\":\"Accueil\",\"item\":\"https:\\\/\\\/www.upper-rhine-ports.eu\\\/de\\\/\"},{\"@type\":\"ListItem\",\"position\":2,\"name\":\"Abschlusskolloquium der Interreg-Projekte CRANE une Clim&#8217;Ability Care in Strassburg\"}]},{\"@type\":\"WebSite\",\"@id\":\"https:\\\/\\\/www.upper-rhine-ports.eu\\\/de\\\/#website\",\"url\":\"https:\\\/\\\/www.upper-rhine-ports.eu\\\/de\\\/\",\"name\":\"Upper Rhine Ports\",\"description\":\"\",\"publisher\":{\"@id\":\"https:\\\/\\\/www.upper-rhine-ports.eu\\\/de\\\/#organization\"},\"potentialAction\":[{\"@type\":\"SearchAction\",\"target\":{\"@type\":\"EntryPoint\",\"urlTemplate\":\"https:\\\/\\\/www.upper-rhine-ports.eu\\\/de\\\/?s={search_term_string}\"},\"query-input\":{\"@type\":\"PropertyValueSpecification\",\"valueRequired\":true,\"valueName\":\"search_term_string\"}}],\"inLanguage\":\"de\"},{\"@type\":\"Organization\",\"@id\":\"https:\\\/\\\/www.upper-rhine-ports.eu\\\/de\\\/#organization\",\"name\":\"Upper Rhine Ports\",\"url\":\"https:\\\/\\\/www.upper-rhine-ports.eu\\\/de\\\/\",\"logo\":{\"@type\":\"ImageObject\",\"inLanguage\":\"de\",\"@id\":\"https:\\\/\\\/www.upper-rhine-ports.eu\\\/de\\\/#\\\/schema\\\/logo\\\/image\\\/\",\"url\":\"https:\\\/\\\/www.upper-rhine-ports.eu\\\/wp-content\\\/uploads\\\/2025\\\/04\\\/URPlogo-1.png\",\"contentUrl\":\"https:\\\/\\\/www.upper-rhine-ports.eu\\\/wp-content\\\/uploads\\\/2025\\\/04\\\/URPlogo-1.png\",\"width\":300,\"height\":245,\"caption\":\"Upper Rhine Ports\"},\"image\":{\"@id\":\"https:\\\/\\\/www.upper-rhine-ports.eu\\\/de\\\/#\\\/schema\\\/logo\\\/image\\\/\"}},{\"@type\":\"Person\",\"@id\":\"https:\\\/\\\/www.upper-rhine-ports.eu\\\/de\\\/#\\\/schema\\\/person\\\/7c577a031f4a667714c72948b0c9ab9c\",\"name\":\"Manfred Rausch\"}]}<\/script>\n<!-- \/ Yoast SEO plugin. -->","yoast_head_json":{"title":"Abschlusskolloquium der Interreg-Projekte CRANE une Clim'Ability Care in Strassburg - Upper Rhine Ports","robots":{"index":"index","follow":"follow","max-snippet":"max-snippet:-1","max-image-preview":"max-image-preview:large","max-video-preview":"max-video-preview:-1"},"canonical":"https:\/\/www.upper-rhine-ports.eu\/de\/abschlusskolloquium-der-interreg-projekte-crane-une-climability-care-in-strassburg\/","og_locale":"de_DE","og_type":"article","og_title":"Abschlusskolloquium der Interreg-Projekte CRANE une Clim'Ability Care in Strassburg - Upper Rhine Ports","og_description":"Der Hafen Stra\u00dfburg, die INSA Strasbourg und TRION\u2011climat organisieren am 27. April 2026 das Abschlusssymposium der europ\u00e4ischen Projekte CRANE und Clim\u2019Ability Care, die sich der Klimaanpassung und \u2011resilienz von H\u00e4fen und der Binnenschifffahrt im Oberrheingebiet widmen. H\u00e4fen, Wissenschaft und \u00f6ffentliche Akteure kommen dabei um eine zentrale Botschaft zusammen: H\u00e4fen verf\u00fcgen heute \u00fcber konkrete L\u00f6sungen, eine [&hellip;]","og_url":"https:\/\/www.upper-rhine-ports.eu\/de\/abschlusskolloquium-der-interreg-projekte-crane-une-climability-care-in-strassburg\/","og_site_name":"Upper Rhine Ports","article_published_time":"2026-04-26T12:56:48+00:00","article_modified_time":"2026-04-26T13:01:42+00:00","og_image":[{"width":2000,"height":1125,"url":"https:\/\/www.upper-rhine-ports.eu\/wp-content\/uploads\/2026\/04\/Standbild_Abschlusskolloquium_ClimAbilityCare_CRANE_page-0001.jpg","type":"image\/jpeg"}],"author":"Manfred Rausch","twitter_card":"summary_large_image","twitter_misc":{"Verfasst von":"Manfred Rausch","Gesch\u00e4tzte Lesezeit":"1\u00a0Minute"},"schema":{"@context":"https:\/\/schema.org","@graph":[{"@type":"Article","@id":"https:\/\/www.upper-rhine-ports.eu\/de\/abschlusskolloquium-der-interreg-projekte-crane-une-climability-care-in-strassburg\/#article","isPartOf":{"@id":"https:\/\/www.upper-rhine-ports.eu\/de\/abschlusskolloquium-der-interreg-projekte-crane-une-climability-care-in-strassburg\/"},"author":{"name":"Manfred Rausch","@id":"https:\/\/www.upper-rhine-ports.eu\/de\/#\/schema\/person\/7c577a031f4a667714c72948b0c9ab9c"},"headline":"Abschlusskolloquium der Interreg-Projekte CRANE une Clim&#8217;Ability Care in Strassburg","datePublished":"2026-04-26T12:56:48+00:00","dateModified":"2026-04-26T13:01:42+00:00","mainEntityOfPage":{"@id":"https:\/\/www.upper-rhine-ports.eu\/de\/abschlusskolloquium-der-interreg-projekte-crane-une-climability-care-in-strassburg\/"},"wordCount":176,"publisher":{"@id":"https:\/\/www.upper-rhine-ports.eu\/de\/#organization"},"image":{"@id":"https:\/\/www.upper-rhine-ports.eu\/de\/abschlusskolloquium-der-interreg-projekte-crane-une-climability-care-in-strassburg\/#primaryimage"},"thumbnailUrl":"https:\/\/www.upper-rhine-ports.eu\/wp-content\/uploads\/2026\/04\/Standbild_Abschlusskolloquium_ClimAbilityCare_CRANE_page-0001.jpg","articleSection":["Unkategorisiert"],"inLanguage":"de"},{"@type":"WebPage","@id":"https:\/\/www.upper-rhine-ports.eu\/de\/abschlusskolloquium-der-interreg-projekte-crane-une-climability-care-in-strassburg\/","url":"https:\/\/www.upper-rhine-ports.eu\/de\/abschlusskolloquium-der-interreg-projekte-crane-une-climability-care-in-strassburg\/","name":"Abschlusskolloquium der Interreg-Projekte CRANE une Clim'Ability Care in Strassburg - Upper Rhine Ports","isPartOf":{"@id":"https:\/\/www.upper-rhine-ports.eu\/de\/#website"},"primaryImageOfPage":{"@id":"https:\/\/www.upper-rhine-ports.eu\/de\/abschlusskolloquium-der-interreg-projekte-crane-une-climability-care-in-strassburg\/#primaryimage"},"image":{"@id":"https:\/\/www.upper-rhine-ports.eu\/de\/abschlusskolloquium-der-interreg-projekte-crane-une-climability-care-in-strassburg\/#primaryimage"},"thumbnailUrl":"https:\/\/www.upper-rhine-ports.eu\/wp-content\/uploads\/2026\/04\/Standbild_Abschlusskolloquium_ClimAbilityCare_CRANE_page-0001.jpg","datePublished":"2026-04-26T12:56:48+00:00","dateModified":"2026-04-26T13:01:42+00:00","breadcrumb":{"@id":"https:\/\/www.upper-rhine-ports.eu\/de\/abschlusskolloquium-der-interreg-projekte-crane-une-climability-care-in-strassburg\/#breadcrumb"},"inLanguage":"de","potentialAction":[{"@type":"ReadAction","target":["https:\/\/www.upper-rhine-ports.eu\/de\/abschlusskolloquium-der-interreg-projekte-crane-une-climability-care-in-strassburg\/"]}]},{"@type":"ImageObject","inLanguage":"de","@id":"https:\/\/www.upper-rhine-ports.eu\/de\/abschlusskolloquium-der-interreg-projekte-crane-une-climability-care-in-strassburg\/#primaryimage","url":"https:\/\/www.upper-rhine-ports.eu\/wp-content\/uploads\/2026\/04\/Standbild_Abschlusskolloquium_ClimAbilityCare_CRANE_page-0001.jpg","contentUrl":"https:\/\/www.upper-rhine-ports.eu\/wp-content\/uploads\/2026\/04\/Standbild_Abschlusskolloquium_ClimAbilityCare_CRANE_page-0001.jpg","width":2000,"height":1125},{"@type":"BreadcrumbList","@id":"https:\/\/www.upper-rhine-ports.eu\/de\/abschlusskolloquium-der-interreg-projekte-crane-une-climability-care-in-strassburg\/#breadcrumb","itemListElement":[{"@type":"ListItem","position":1,"name":"Accueil","item":"https:\/\/www.upper-rhine-ports.eu\/de\/"},{"@type":"ListItem","position":2,"name":"Abschlusskolloquium der Interreg-Projekte CRANE une Clim&#8217;Ability Care in Strassburg"}]},{"@type":"WebSite","@id":"https:\/\/www.upper-rhine-ports.eu\/de\/#website","url":"https:\/\/www.upper-rhine-ports.eu\/de\/","name":"Upper Rhine Ports","description":"","publisher":{"@id":"https:\/\/www.upper-rhine-ports.eu\/de\/#organization"},"potentialAction":[{"@type":"SearchAction","target":{"@type":"EntryPoint","urlTemplate":"https:\/\/www.upper-rhine-ports.eu\/de\/?s={search_term_string}"},"query-input":{"@type":"PropertyValueSpecification","valueRequired":true,"valueName":"search_term_string"}}],"inLanguage":"de"},{"@type":"Organization","@id":"https:\/\/www.upper-rhine-ports.eu\/de\/#organization","name":"Upper Rhine Ports","url":"https:\/\/www.upper-rhine-ports.eu\/de\/","logo":{"@type":"ImageObject","inLanguage":"de","@id":"https:\/\/www.upper-rhine-ports.eu\/de\/#\/schema\/logo\/image\/","url":"https:\/\/www.upper-rhine-ports.eu\/wp-content\/uploads\/2025\/04\/URPlogo-1.png","contentUrl":"https:\/\/www.upper-rhine-ports.eu\/wp-content\/uploads\/2025\/04\/URPlogo-1.png","width":300,"height":245,"caption":"Upper Rhine Ports"},"image":{"@id":"https:\/\/www.upper-rhine-ports.eu\/de\/#\/schema\/logo\/image\/"}},{"@type":"Person","@id":"https:\/\/www.upper-rhine-ports.eu\/de\/#\/schema\/person\/7c577a031f4a667714c72948b0c9ab9c","name":"Manfred Rausch"}]}},"uagb_featured_image_src":{"full":["https:\/\/www.upper-rhine-ports.eu\/wp-content\/uploads\/2026\/04\/Standbild_Abschlusskolloquium_ClimAbilityCare_CRANE_page-0001.jpg",2000,1125,false],"thumbnail":["https:\/\/www.upper-rhine-ports.eu\/wp-content\/uploads\/2026\/04\/Standbild_Abschlusskolloquium_ClimAbilityCare_CRANE_page-0001-150x150.jpg",150,150,true],"medium":["https:\/\/www.upper-rhine-ports.eu\/wp-content\/uploads\/2026\/04\/Standbild_Abschlusskolloquium_ClimAbilityCare_CRANE_page-0001-300x169.jpg",300,169,true],"medium_large":["https:\/\/www.upper-rhine-ports.eu\/wp-content\/uploads\/2026\/04\/Standbild_Abschlusskolloquium_ClimAbilityCare_CRANE_page-0001-768x432.jpg",768,432,true],"large":["https:\/\/www.upper-rhine-ports.eu\/wp-content\/uploads\/2026\/04\/Standbild_Abschlusskolloquium_ClimAbilityCare_CRANE_page-0001-1024x576.jpg",1024,576,true],"1536x1536":["https:\/\/www.upper-rhine-ports.eu\/wp-content\/uploads\/2026\/04\/Standbild_Abschlusskolloquium_ClimAbilityCare_CRANE_page-0001-1536x864.jpg",1536,864,true],"2048x2048":["https:\/\/www.upper-rhine-ports.eu\/wp-content\/uploads\/2026\/04\/Standbild_Abschlusskolloquium_ClimAbilityCare_CRANE_page-0001.jpg",2000,1125,false],"wp_grid_builder_size_1":["https:\/\/www.upper-rhine-ports.eu\/wp-content\/uploads\/2026\/04\/Standbild_Abschlusskolloquium_ClimAbilityCare_CRANE_page-0001-360x210.jpg",360,210,true]},"uagb_author_info":{"display_name":"Manfred Rausch","author_link":"https:\/\/www.upper-rhine-ports.eu\/de\/author\/manfred\/"},"uagb_comment_info":0,"uagb_excerpt":"Der Hafen Stra\u00dfburg, die INSA Strasbourg und TRION\u2011climat organisieren am 27. April 2026 das Abschlusssymposium der europ\u00e4ischen Projekte CRANE und Clim\u2019Ability Care, die sich der Klimaanpassung und \u2011resilienz von H\u00e4fen und der Binnenschifffahrt im Oberrheingebiet widmen. H\u00e4fen, Wissenschaft und \u00f6ffentliche Akteure kommen dabei um eine zentrale Botschaft zusammen: H\u00e4fen verf\u00fcgen heute \u00fcber konkrete L\u00f6sungen, eine&hellip;","mfb_rest_fields":["title","yoast_head","yoast_head_json","uagb_featured_image_src","uagb_author_info","uagb_comment_info","uagb_excerpt"],"_links":{"self":[{"href":"https:\/\/www.upper-rhine-ports.eu\/de\/wp-json\/wp\/v2\/posts\/2646","targetHints":{"allow":["GET"]}}],"collection":[{"href":"https:\/\/www.upper-rhine-ports.eu\/de\/wp-json\/wp\/v2\/posts"}],"about":[{"href":"https:\/\/www.upper-rhine-ports.eu\/de\/wp-json\/wp\/v2\/types\/post"}],"author":[{"embeddable":true,"href":"https:\/\/www.upper-rhine-ports.eu\/de\/wp-json\/wp\/v2\/users\/3"}],"replies":[{"embeddable":true,"href":"https:\/\/www.upper-rhine-ports.eu\/de\/wp-json\/wp\/v2\/comments?post=2646"}],"version-history":[{"count":1,"href":"https:\/\/www.upper-rhine-ports.eu\/de\/wp-json\/wp\/v2\/posts\/2646\/revisions"}],"predecessor-version":[{"id":2647,"href":"https:\/\/www.upper-rhine-ports.eu\/de\/wp-json\/wp\/v2\/posts\/2646\/revisions\/2647"}],"wp:featuredmedia":[{"embeddable":true,"href":"https:\/\/www.upper-rhine-ports.eu\/de\/wp-json\/wp\/v2\/media\/2642"}],"wp:attachment":[{"href":"https:\/\/www.upper-rhine-ports.eu\/de\/wp-json\/wp\/v2\/media?parent=2646"}],"wp:term":[{"taxonomy":"category","embeddable":true,"href":"https:\/\/www.upper-rhine-ports.eu\/de\/wp-json\/wp\/v2\/categories?post=2646"},{"taxonomy":"post_tag","embeddable":true,"href":"https:\/\/www.upper-rhine-ports.eu\/de\/wp-json\/wp\/v2\/tags?post=2646"},{"taxonomy":"post_folder","embeddable":true,"href":"https:\/\/www.upper-rhine-ports.eu\/de\/wp-json\/wp\/v2\/post_folder?post=2646"}],"curies":[{"name":"wp","href":"https:\/\/api.w.org\/{rel}","templated":true}]}}