{"id":2585,"date":"2025-06-10T17:12:13","date_gmt":"2025-06-10T15:12:13","guid":{"rendered":"https:\/\/www.upper-rhine-ports.eu\/das-crane-projekt-im-rampenlicht-auf-der-transport-logistics-in-muenchen\/"},"modified":"2025-07-31T17:17:48","modified_gmt":"2025-07-31T15:17:48","slug":"das-crane-projekt-im-rampenlicht-auf-der-transport-logistics-in-muenchen","status":"publish","type":"post","link":"https:\/\/www.upper-rhine-ports.eu\/de\/das-crane-projekt-im-rampenlicht-auf-der-transport-logistics-in-muenchen\/","title":{"rendered":"Das CRANE-Projekt im Rampenlicht auf der Transport &amp; Logistics in M\u00fcnchen"},"content":{"rendered":"\n<p>Am 4. Juni 2025 stellten die <strong>Ports de Strasbourg \u2013 PAS<\/strong> anl\u00e4sslich der Messe <strong>Transport &amp; Logistics<\/strong> in M\u00fcnchen am Stand von <strong>Hub France<\/strong> die Fortschritte des Projekts <strong>Interreg Oberrhein CRANE<\/strong> vor.<\/p>\n\n<p>Dieses Projekt, das sich der <strong>Klimaresilienz der H\u00e4fen am Oberrhein<\/strong> widmet, ist ein hervorragendes Beispiel daf\u00fcr, wie die von der Europ\u00e4ischen Union gef\u00f6rderte grenz\u00fcberschreitende Zusammenarbeit einen nachhaltigen Wandel in der Binnenhafenlogistik vorantreiben kann.<\/p>\n\n<p>Die Besucher konnten sich \u00fcber die innovative Methodik und die konkreten Ergebnisse des CRANE-Projekts informieren, dessen Ziel es ist, die Auswirkungen des Klimawandels auf die Hafeninfrastruktur zu antizipieren und robuste Anpassungsstrategien zu entwickeln.<\/p>\n\n<p>Die Messe transport logistic 2025, die vom 2. bis 5. Juni in M\u00fcnchen stattfand, brach mit 2.722 Ausstellern aus 73 L\u00e4ndern, mehr als 77.000 Besuchern aus 130 Nationen und 150.000 m\u00b2 Ausstellungsfl\u00e4che alle Rekorde und best\u00e4tigte ihren Status als weltweit gr\u00f6\u00dfte Fachmesse f\u00fcr Logistik, Mobilit\u00e4t, IT und Supply Chain Management<\/p>\n\n<p><\/p>\n","protected":false},"excerpt":{"rendered":"<p>Am 4. Juni 2025 stellten die Ports de Strasbourg \u2013 PAS anl\u00e4sslich der Messe Transport &amp; Logistics in M\u00fcnchen am Stand von Hub France die Fortschritte des Projekts Interreg Oberrhein CRANE vor. Dieses Projekt, das sich der Klimaresilienz der H\u00e4fen am Oberrhein widmet, ist ein hervorragendes Beispiel daf\u00fcr, wie die von der Europ\u00e4ischen Union gef\u00f6rderte [&hellip;]<\/p>\n","protected":false},"author":3,"featured_media":2561,"comment_status":"closed","ping_status":"closed","sticky":false,"template":"","format":"standard","meta":{"_acf_changed":false,"inline_featured_image":false,"_uag_custom_page_level_css":"","footnotes":""},"categories":[44],"tags":[],"post_folder":[],"class_list":["post-2585","post","type-post","status-publish","format-standard","has-post-thumbnail","hentry","category-unkategorisiert"],"acf":[],"mb":[],"yoast_head":"<!-- This site is optimized with the Yoast SEO plugin v27.3 - https:\/\/yoast.com\/product\/yoast-seo-wordpress\/ -->\n<title>Das CRANE-Projekt im Rampenlicht auf der Transport &amp; Logistics in M\u00fcnchen - Upper Rhine Ports<\/title>\n<meta name=\"robots\" content=\"index, follow, max-snippet:-1, max-image-preview:large, max-video-preview:-1\" \/>\n<link rel=\"canonical\" href=\"https:\/\/www.upper-rhine-ports.eu\/de\/das-crane-projekt-im-rampenlicht-auf-der-transport-logistics-in-muenchen\/\" \/>\n<meta property=\"og:locale\" content=\"de_DE\" \/>\n<meta property=\"og:type\" content=\"article\" \/>\n<meta property=\"og:title\" content=\"Das CRANE-Projekt im Rampenlicht auf der Transport &amp; Logistics in M\u00fcnchen - Upper Rhine Ports\" \/>\n<meta property=\"og:description\" content=\"Am 4. Juni 2025 stellten die Ports de Strasbourg \u2013 PAS anl\u00e4sslich der Messe Transport &amp; Logistics in M\u00fcnchen am Stand von Hub France die Fortschritte des Projekts Interreg Oberrhein CRANE vor. Dieses Projekt, das sich der Klimaresilienz der H\u00e4fen am Oberrhein widmet, ist ein hervorragendes Beispiel daf\u00fcr, wie die von der Europ\u00e4ischen Union gef\u00f6rderte [&hellip;]\" \/>\n<meta property=\"og:url\" content=\"https:\/\/www.upper-rhine-ports.eu\/de\/das-crane-projekt-im-rampenlicht-auf-der-transport-logistics-in-muenchen\/\" \/>\n<meta property=\"og:site_name\" content=\"Upper Rhine Ports\" \/>\n<meta property=\"article:published_time\" content=\"2025-06-10T15:12:13+00:00\" \/>\n<meta property=\"article:modified_time\" content=\"2025-07-31T15:17:48+00:00\" \/>\n<meta property=\"og:image\" content=\"https:\/\/www.upper-rhine-ports.eu\/wp-content\/uploads\/2025\/07\/1749114589775.jpg\" \/>\n\t<meta property=\"og:image:width\" content=\"2048\" \/>\n\t<meta property=\"og:image:height\" content=\"1535\" \/>\n\t<meta property=\"og:image:type\" content=\"image\/jpeg\" \/>\n<meta name=\"author\" content=\"Manfred Rausch\" \/>\n<meta name=\"twitter:card\" content=\"summary_large_image\" \/>\n<meta name=\"twitter:label1\" content=\"Verfasst von\" \/>\n\t<meta name=\"twitter:data1\" content=\"Manfred Rausch\" \/>\n\t<meta name=\"twitter:label2\" content=\"Gesch\u00e4tzte Lesezeit\" \/>\n\t<meta name=\"twitter:data2\" content=\"1\u00a0Minute\" \/>\n<script type=\"application\/ld+json\" class=\"yoast-schema-graph\">{\"@context\":\"https:\\\/\\\/schema.org\",\"@graph\":[{\"@type\":\"Article\",\"@id\":\"https:\\\/\\\/www.upper-rhine-ports.eu\\\/de\\\/das-crane-projekt-im-rampenlicht-auf-der-transport-logistics-in-muenchen\\\/#article\",\"isPartOf\":{\"@id\":\"https:\\\/\\\/www.upper-rhine-ports.eu\\\/de\\\/das-crane-projekt-im-rampenlicht-auf-der-transport-logistics-in-muenchen\\\/\"},\"author\":{\"name\":\"Manfred Rausch\",\"@id\":\"https:\\\/\\\/www.upper-rhine-ports.eu\\\/de\\\/#\\\/schema\\\/person\\\/7c577a031f4a667714c72948b0c9ab9c\"},\"headline\":\"Das CRANE-Projekt im Rampenlicht auf der Transport &amp; Logistics in M\u00fcnchen\",\"datePublished\":\"2025-06-10T15:12:13+00:00\",\"dateModified\":\"2025-07-31T15:17:48+00:00\",\"mainEntityOfPage\":{\"@id\":\"https:\\\/\\\/www.upper-rhine-ports.eu\\\/de\\\/das-crane-projekt-im-rampenlicht-auf-der-transport-logistics-in-muenchen\\\/\"},\"wordCount\":163,\"publisher\":{\"@id\":\"https:\\\/\\\/www.upper-rhine-ports.eu\\\/de\\\/#organization\"},\"image\":{\"@id\":\"https:\\\/\\\/www.upper-rhine-ports.eu\\\/de\\\/das-crane-projekt-im-rampenlicht-auf-der-transport-logistics-in-muenchen\\\/#primaryimage\"},\"thumbnailUrl\":\"https:\\\/\\\/www.upper-rhine-ports.eu\\\/wp-content\\\/uploads\\\/2025\\\/07\\\/1749114589775.jpg\",\"articleSection\":[\"Unkategorisiert\"],\"inLanguage\":\"de\"},{\"@type\":\"WebPage\",\"@id\":\"https:\\\/\\\/www.upper-rhine-ports.eu\\\/de\\\/das-crane-projekt-im-rampenlicht-auf-der-transport-logistics-in-muenchen\\\/\",\"url\":\"https:\\\/\\\/www.upper-rhine-ports.eu\\\/de\\\/das-crane-projekt-im-rampenlicht-auf-der-transport-logistics-in-muenchen\\\/\",\"name\":\"Das CRANE-Projekt im Rampenlicht auf der Transport &amp; Logistics in M\u00fcnchen - Upper Rhine Ports\",\"isPartOf\":{\"@id\":\"https:\\\/\\\/www.upper-rhine-ports.eu\\\/de\\\/#website\"},\"primaryImageOfPage\":{\"@id\":\"https:\\\/\\\/www.upper-rhine-ports.eu\\\/de\\\/das-crane-projekt-im-rampenlicht-auf-der-transport-logistics-in-muenchen\\\/#primaryimage\"},\"image\":{\"@id\":\"https:\\\/\\\/www.upper-rhine-ports.eu\\\/de\\\/das-crane-projekt-im-rampenlicht-auf-der-transport-logistics-in-muenchen\\\/#primaryimage\"},\"thumbnailUrl\":\"https:\\\/\\\/www.upper-rhine-ports.eu\\\/wp-content\\\/uploads\\\/2025\\\/07\\\/1749114589775.jpg\",\"datePublished\":\"2025-06-10T15:12:13+00:00\",\"dateModified\":\"2025-07-31T15:17:48+00:00\",\"breadcrumb\":{\"@id\":\"https:\\\/\\\/www.upper-rhine-ports.eu\\\/de\\\/das-crane-projekt-im-rampenlicht-auf-der-transport-logistics-in-muenchen\\\/#breadcrumb\"},\"inLanguage\":\"de\",\"potentialAction\":[{\"@type\":\"ReadAction\",\"target\":[\"https:\\\/\\\/www.upper-rhine-ports.eu\\\/de\\\/das-crane-projekt-im-rampenlicht-auf-der-transport-logistics-in-muenchen\\\/\"]}]},{\"@type\":\"ImageObject\",\"inLanguage\":\"de\",\"@id\":\"https:\\\/\\\/www.upper-rhine-ports.eu\\\/de\\\/das-crane-projekt-im-rampenlicht-auf-der-transport-logistics-in-muenchen\\\/#primaryimage\",\"url\":\"https:\\\/\\\/www.upper-rhine-ports.eu\\\/wp-content\\\/uploads\\\/2025\\\/07\\\/1749114589775.jpg\",\"contentUrl\":\"https:\\\/\\\/www.upper-rhine-ports.eu\\\/wp-content\\\/uploads\\\/2025\\\/07\\\/1749114589775.jpg\",\"width\":2048,\"height\":1535},{\"@type\":\"BreadcrumbList\",\"@id\":\"https:\\\/\\\/www.upper-rhine-ports.eu\\\/de\\\/das-crane-projekt-im-rampenlicht-auf-der-transport-logistics-in-muenchen\\\/#breadcrumb\",\"itemListElement\":[{\"@type\":\"ListItem\",\"position\":1,\"name\":\"Accueil\",\"item\":\"https:\\\/\\\/www.upper-rhine-ports.eu\\\/de\\\/\"},{\"@type\":\"ListItem\",\"position\":2,\"name\":\"Das CRANE-Projekt im Rampenlicht auf der Transport &amp; Logistics in M\u00fcnchen\"}]},{\"@type\":\"WebSite\",\"@id\":\"https:\\\/\\\/www.upper-rhine-ports.eu\\\/de\\\/#website\",\"url\":\"https:\\\/\\\/www.upper-rhine-ports.eu\\\/de\\\/\",\"name\":\"Upper Rhine Ports\",\"description\":\"\",\"publisher\":{\"@id\":\"https:\\\/\\\/www.upper-rhine-ports.eu\\\/de\\\/#organization\"},\"potentialAction\":[{\"@type\":\"SearchAction\",\"target\":{\"@type\":\"EntryPoint\",\"urlTemplate\":\"https:\\\/\\\/www.upper-rhine-ports.eu\\\/de\\\/?s={search_term_string}\"},\"query-input\":{\"@type\":\"PropertyValueSpecification\",\"valueRequired\":true,\"valueName\":\"search_term_string\"}}],\"inLanguage\":\"de\"},{\"@type\":\"Organization\",\"@id\":\"https:\\\/\\\/www.upper-rhine-ports.eu\\\/de\\\/#organization\",\"name\":\"Upper Rhine Ports\",\"url\":\"https:\\\/\\\/www.upper-rhine-ports.eu\\\/de\\\/\",\"logo\":{\"@type\":\"ImageObject\",\"inLanguage\":\"de\",\"@id\":\"https:\\\/\\\/www.upper-rhine-ports.eu\\\/de\\\/#\\\/schema\\\/logo\\\/image\\\/\",\"url\":\"https:\\\/\\\/www.upper-rhine-ports.eu\\\/wp-content\\\/uploads\\\/2025\\\/04\\\/URPlogo-1.png\",\"contentUrl\":\"https:\\\/\\\/www.upper-rhine-ports.eu\\\/wp-content\\\/uploads\\\/2025\\\/04\\\/URPlogo-1.png\",\"width\":300,\"height\":245,\"caption\":\"Upper Rhine Ports\"},\"image\":{\"@id\":\"https:\\\/\\\/www.upper-rhine-ports.eu\\\/de\\\/#\\\/schema\\\/logo\\\/image\\\/\"}},{\"@type\":\"Person\",\"@id\":\"https:\\\/\\\/www.upper-rhine-ports.eu\\\/de\\\/#\\\/schema\\\/person\\\/7c577a031f4a667714c72948b0c9ab9c\",\"name\":\"Manfred Rausch\"}]}<\/script>\n<!-- \/ Yoast SEO plugin. -->","yoast_head_json":{"title":"Das CRANE-Projekt im Rampenlicht auf der Transport &amp; Logistics in M\u00fcnchen - Upper Rhine Ports","robots":{"index":"index","follow":"follow","max-snippet":"max-snippet:-1","max-image-preview":"max-image-preview:large","max-video-preview":"max-video-preview:-1"},"canonical":"https:\/\/www.upper-rhine-ports.eu\/de\/das-crane-projekt-im-rampenlicht-auf-der-transport-logistics-in-muenchen\/","og_locale":"de_DE","og_type":"article","og_title":"Das CRANE-Projekt im Rampenlicht auf der Transport &amp; Logistics in M\u00fcnchen - Upper Rhine Ports","og_description":"Am 4. Juni 2025 stellten die Ports de Strasbourg \u2013 PAS anl\u00e4sslich der Messe Transport &amp; Logistics in M\u00fcnchen am Stand von Hub France die Fortschritte des Projekts Interreg Oberrhein CRANE vor. Dieses Projekt, das sich der Klimaresilienz der H\u00e4fen am Oberrhein widmet, ist ein hervorragendes Beispiel daf\u00fcr, wie die von der Europ\u00e4ischen Union gef\u00f6rderte [&hellip;]","og_url":"https:\/\/www.upper-rhine-ports.eu\/de\/das-crane-projekt-im-rampenlicht-auf-der-transport-logistics-in-muenchen\/","og_site_name":"Upper Rhine Ports","article_published_time":"2025-06-10T15:12:13+00:00","article_modified_time":"2025-07-31T15:17:48+00:00","og_image":[{"width":2048,"height":1535,"url":"https:\/\/www.upper-rhine-ports.eu\/wp-content\/uploads\/2025\/07\/1749114589775.jpg","type":"image\/jpeg"}],"author":"Manfred Rausch","twitter_card":"summary_large_image","twitter_misc":{"Verfasst von":"Manfred Rausch","Gesch\u00e4tzte Lesezeit":"1\u00a0Minute"},"schema":{"@context":"https:\/\/schema.org","@graph":[{"@type":"Article","@id":"https:\/\/www.upper-rhine-ports.eu\/de\/das-crane-projekt-im-rampenlicht-auf-der-transport-logistics-in-muenchen\/#article","isPartOf":{"@id":"https:\/\/www.upper-rhine-ports.eu\/de\/das-crane-projekt-im-rampenlicht-auf-der-transport-logistics-in-muenchen\/"},"author":{"name":"Manfred Rausch","@id":"https:\/\/www.upper-rhine-ports.eu\/de\/#\/schema\/person\/7c577a031f4a667714c72948b0c9ab9c"},"headline":"Das CRANE-Projekt im Rampenlicht auf der Transport &amp; Logistics in M\u00fcnchen","datePublished":"2025-06-10T15:12:13+00:00","dateModified":"2025-07-31T15:17:48+00:00","mainEntityOfPage":{"@id":"https:\/\/www.upper-rhine-ports.eu\/de\/das-crane-projekt-im-rampenlicht-auf-der-transport-logistics-in-muenchen\/"},"wordCount":163,"publisher":{"@id":"https:\/\/www.upper-rhine-ports.eu\/de\/#organization"},"image":{"@id":"https:\/\/www.upper-rhine-ports.eu\/de\/das-crane-projekt-im-rampenlicht-auf-der-transport-logistics-in-muenchen\/#primaryimage"},"thumbnailUrl":"https:\/\/www.upper-rhine-ports.eu\/wp-content\/uploads\/2025\/07\/1749114589775.jpg","articleSection":["Unkategorisiert"],"inLanguage":"de"},{"@type":"WebPage","@id":"https:\/\/www.upper-rhine-ports.eu\/de\/das-crane-projekt-im-rampenlicht-auf-der-transport-logistics-in-muenchen\/","url":"https:\/\/www.upper-rhine-ports.eu\/de\/das-crane-projekt-im-rampenlicht-auf-der-transport-logistics-in-muenchen\/","name":"Das CRANE-Projekt im Rampenlicht auf der Transport &amp; Logistics in M\u00fcnchen - Upper Rhine Ports","isPartOf":{"@id":"https:\/\/www.upper-rhine-ports.eu\/de\/#website"},"primaryImageOfPage":{"@id":"https:\/\/www.upper-rhine-ports.eu\/de\/das-crane-projekt-im-rampenlicht-auf-der-transport-logistics-in-muenchen\/#primaryimage"},"image":{"@id":"https:\/\/www.upper-rhine-ports.eu\/de\/das-crane-projekt-im-rampenlicht-auf-der-transport-logistics-in-muenchen\/#primaryimage"},"thumbnailUrl":"https:\/\/www.upper-rhine-ports.eu\/wp-content\/uploads\/2025\/07\/1749114589775.jpg","datePublished":"2025-06-10T15:12:13+00:00","dateModified":"2025-07-31T15:17:48+00:00","breadcrumb":{"@id":"https:\/\/www.upper-rhine-ports.eu\/de\/das-crane-projekt-im-rampenlicht-auf-der-transport-logistics-in-muenchen\/#breadcrumb"},"inLanguage":"de","potentialAction":[{"@type":"ReadAction","target":["https:\/\/www.upper-rhine-ports.eu\/de\/das-crane-projekt-im-rampenlicht-auf-der-transport-logistics-in-muenchen\/"]}]},{"@type":"ImageObject","inLanguage":"de","@id":"https:\/\/www.upper-rhine-ports.eu\/de\/das-crane-projekt-im-rampenlicht-auf-der-transport-logistics-in-muenchen\/#primaryimage","url":"https:\/\/www.upper-rhine-ports.eu\/wp-content\/uploads\/2025\/07\/1749114589775.jpg","contentUrl":"https:\/\/www.upper-rhine-ports.eu\/wp-content\/uploads\/2025\/07\/1749114589775.jpg","width":2048,"height":1535},{"@type":"BreadcrumbList","@id":"https:\/\/www.upper-rhine-ports.eu\/de\/das-crane-projekt-im-rampenlicht-auf-der-transport-logistics-in-muenchen\/#breadcrumb","itemListElement":[{"@type":"ListItem","position":1,"name":"Accueil","item":"https:\/\/www.upper-rhine-ports.eu\/de\/"},{"@type":"ListItem","position":2,"name":"Das CRANE-Projekt im Rampenlicht auf der Transport &amp; Logistics in M\u00fcnchen"}]},{"@type":"WebSite","@id":"https:\/\/www.upper-rhine-ports.eu\/de\/#website","url":"https:\/\/www.upper-rhine-ports.eu\/de\/","name":"Upper Rhine Ports","description":"","publisher":{"@id":"https:\/\/www.upper-rhine-ports.eu\/de\/#organization"},"potentialAction":[{"@type":"SearchAction","target":{"@type":"EntryPoint","urlTemplate":"https:\/\/www.upper-rhine-ports.eu\/de\/?s={search_term_string}"},"query-input":{"@type":"PropertyValueSpecification","valueRequired":true,"valueName":"search_term_string"}}],"inLanguage":"de"},{"@type":"Organization","@id":"https:\/\/www.upper-rhine-ports.eu\/de\/#organization","name":"Upper Rhine Ports","url":"https:\/\/www.upper-rhine-ports.eu\/de\/","logo":{"@type":"ImageObject","inLanguage":"de","@id":"https:\/\/www.upper-rhine-ports.eu\/de\/#\/schema\/logo\/image\/","url":"https:\/\/www.upper-rhine-ports.eu\/wp-content\/uploads\/2025\/04\/URPlogo-1.png","contentUrl":"https:\/\/www.upper-rhine-ports.eu\/wp-content\/uploads\/2025\/04\/URPlogo-1.png","width":300,"height":245,"caption":"Upper Rhine Ports"},"image":{"@id":"https:\/\/www.upper-rhine-ports.eu\/de\/#\/schema\/logo\/image\/"}},{"@type":"Person","@id":"https:\/\/www.upper-rhine-ports.eu\/de\/#\/schema\/person\/7c577a031f4a667714c72948b0c9ab9c","name":"Manfred Rausch"}]}},"uagb_featured_image_src":{"full":["https:\/\/www.upper-rhine-ports.eu\/wp-content\/uploads\/2025\/07\/1749114589775.jpg",2048,1535,false],"thumbnail":["https:\/\/www.upper-rhine-ports.eu\/wp-content\/uploads\/2025\/07\/1749114589775-150x150.jpg",150,150,true],"medium":["https:\/\/www.upper-rhine-ports.eu\/wp-content\/uploads\/2025\/07\/1749114589775-300x225.jpg",300,225,true],"medium_large":["https:\/\/www.upper-rhine-ports.eu\/wp-content\/uploads\/2025\/07\/1749114589775-768x576.jpg",768,576,true],"large":["https:\/\/www.upper-rhine-ports.eu\/wp-content\/uploads\/2025\/07\/1749114589775-1024x768.jpg",1024,768,true],"1536x1536":["https:\/\/www.upper-rhine-ports.eu\/wp-content\/uploads\/2025\/07\/1749114589775-1536x1151.jpg",1536,1151,true],"2048x2048":["https:\/\/www.upper-rhine-ports.eu\/wp-content\/uploads\/2025\/07\/1749114589775.jpg",2048,1535,false],"wp_grid_builder_size_1":["https:\/\/www.upper-rhine-ports.eu\/wp-content\/uploads\/2025\/07\/1749114589775-360x210.jpg",360,210,true]},"uagb_author_info":{"display_name":"Manfred Rausch","author_link":"https:\/\/www.upper-rhine-ports.eu\/de\/author\/manfred\/"},"uagb_comment_info":0,"uagb_excerpt":"Am 4. Juni 2025 stellten die Ports de Strasbourg \u2013 PAS anl\u00e4sslich der Messe Transport &amp; Logistics in M\u00fcnchen am Stand von Hub France die Fortschritte des Projekts Interreg Oberrhein CRANE vor. Dieses Projekt, das sich der Klimaresilienz der H\u00e4fen am Oberrhein widmet, ist ein hervorragendes Beispiel daf\u00fcr, wie die von der Europ\u00e4ischen Union gef\u00f6rderte&hellip;","mfb_rest_fields":["title","yoast_head","yoast_head_json","uagb_featured_image_src","uagb_author_info","uagb_comment_info","uagb_excerpt"],"_links":{"self":[{"href":"https:\/\/www.upper-rhine-ports.eu\/de\/wp-json\/wp\/v2\/posts\/2585","targetHints":{"allow":["GET"]}}],"collection":[{"href":"https:\/\/www.upper-rhine-ports.eu\/de\/wp-json\/wp\/v2\/posts"}],"about":[{"href":"https:\/\/www.upper-rhine-ports.eu\/de\/wp-json\/wp\/v2\/types\/post"}],"author":[{"embeddable":true,"href":"https:\/\/www.upper-rhine-ports.eu\/de\/wp-json\/wp\/v2\/users\/3"}],"replies":[{"embeddable":true,"href":"https:\/\/www.upper-rhine-ports.eu\/de\/wp-json\/wp\/v2\/comments?post=2585"}],"version-history":[{"count":1,"href":"https:\/\/www.upper-rhine-ports.eu\/de\/wp-json\/wp\/v2\/posts\/2585\/revisions"}],"predecessor-version":[{"id":2586,"href":"https:\/\/www.upper-rhine-ports.eu\/de\/wp-json\/wp\/v2\/posts\/2585\/revisions\/2586"}],"wp:featuredmedia":[{"embeddable":true,"href":"https:\/\/www.upper-rhine-ports.eu\/de\/wp-json\/wp\/v2\/media\/2561"}],"wp:attachment":[{"href":"https:\/\/www.upper-rhine-ports.eu\/de\/wp-json\/wp\/v2\/media?parent=2585"}],"wp:term":[{"taxonomy":"category","embeddable":true,"href":"https:\/\/www.upper-rhine-ports.eu\/de\/wp-json\/wp\/v2\/categories?post=2585"},{"taxonomy":"post_tag","embeddable":true,"href":"https:\/\/www.upper-rhine-ports.eu\/de\/wp-json\/wp\/v2\/tags?post=2585"},{"taxonomy":"post_folder","embeddable":true,"href":"https:\/\/www.upper-rhine-ports.eu\/de\/wp-json\/wp\/v2\/post_folder?post=2585"}],"curies":[{"name":"wp","href":"https:\/\/api.w.org\/{rel}","templated":true}]}}