{"id":2581,"date":"2025-07-04T16:29:16","date_gmt":"2025-07-04T14:29:16","guid":{"rendered":"https:\/\/www.upper-rhine-ports.eu\/workshop-zur-bewertung-von-klimarisiken\/"},"modified":"2025-07-31T17:11:51","modified_gmt":"2025-07-31T15:11:51","slug":"workshop-zur-bewertung-von-klimarisiken","status":"publish","type":"post","link":"https:\/\/www.upper-rhine-ports.eu\/de\/workshop-zur-bewertung-von-klimarisiken\/","title":{"rendered":"Workshop zur Bewertung von Klimarisiken"},"content":{"rendered":"\n<p>Am 3. Juli 2025 versammelten sich die Partner des Projekts <strong>Interreg Oberrhein | Oberrhein CRANE<\/strong> im Wasserkraftwerk EDF in Stra\u00dfburg zu einem Workshop, der der Bewertung von Klimarisiken in den Binnenh\u00e4fen des Rheins gewidmet war.<\/p>\n\n<p>Vertreter der <strong>Ports de Strasbourg \u2013 PAS<\/strong>, des <strong>Kehler Hafen<\/strong>, der <strong>Schweizerischen Rheinh\u00e4fen \u2013 Port of Switzerland<\/strong> und von <strong>Euro Rhein Ports<\/strong> tauschten sich zu zwei wichtigen Themen aus:<\/p>\n\n<ul class=\"wp-block-list\">\n<li>die <strong>hydraulische Bewirtschaftung des Rheins und seiner Schleusen<\/strong> vor dem Hintergrund des Klimawandels,<\/li>\n\n\n\n<li>die <strong>Identifizierung kritischer Infrastrukturen<\/strong> in H\u00e4fen, deren Anpassung an den Klimawandel f\u00fcr die H\u00e4fen Priorit\u00e4t hat.<\/li>\n<\/ul>\n\n<p>Interaktive Workshops unter der Leitung der Fraunhofer-Gesellschaft erm\u00f6glichten eine Vertiefung der Klimarisikoanalysen. Das Cerema stellte den ganzen Tag \u00fcber sein technisches Fachwissen zur Verf\u00fcgung, und eine F\u00fchrung durch das Kraftwerk unter der Leitung von Julien Julhes von EDF bereicherte den Austausch um eine konkrete und lehrreiche Dimension.<\/p>\n\n<p>Dieses Treffen ist ein wichtiger Meilenstein in der grenz\u00fcberschreitenden Zusammenarbeit f\u00fcr eine nachhaltige Anpassung der Hafeninfrastrukturen an die Herausforderungen des Klimawandels.<\/p>\n\n<p><\/p>\n","protected":false},"excerpt":{"rendered":"<p>Am 3. Juli 2025 versammelten sich die Partner des Projekts Interreg Oberrhein | Oberrhein CRANE im Wasserkraftwerk EDF in Stra\u00dfburg zu einem Workshop, der der Bewertung von Klimarisiken in den Binnenh\u00e4fen des Rheins gewidmet war. Vertreter der Ports de Strasbourg \u2013 PAS, des Kehler Hafen, der Schweizerischen Rheinh\u00e4fen \u2013 Port of Switzerland und von Euro [&hellip;]<\/p>\n","protected":false},"author":3,"featured_media":2555,"comment_status":"closed","ping_status":"closed","sticky":false,"template":"","format":"standard","meta":{"_acf_changed":false,"inline_featured_image":false,"_uag_custom_page_level_css":"","footnotes":""},"categories":[44],"tags":[],"post_folder":[],"class_list":["post-2581","post","type-post","status-publish","format-standard","has-post-thumbnail","hentry","category-unkategorisiert"],"acf":[],"mb":[],"yoast_head":"<!-- This site is optimized with the Yoast SEO plugin v27.3 - https:\/\/yoast.com\/product\/yoast-seo-wordpress\/ -->\n<title>Workshop zur Bewertung von Klimarisiken - Upper Rhine Ports<\/title>\n<meta name=\"robots\" content=\"index, follow, max-snippet:-1, max-image-preview:large, max-video-preview:-1\" \/>\n<link rel=\"canonical\" href=\"https:\/\/www.upper-rhine-ports.eu\/de\/workshop-zur-bewertung-von-klimarisiken\/\" \/>\n<meta property=\"og:locale\" content=\"de_DE\" \/>\n<meta property=\"og:type\" content=\"article\" \/>\n<meta property=\"og:title\" content=\"Workshop zur Bewertung von Klimarisiken - Upper Rhine Ports\" \/>\n<meta property=\"og:description\" content=\"Am 3. Juli 2025 versammelten sich die Partner des Projekts Interreg Oberrhein | Oberrhein CRANE im Wasserkraftwerk EDF in Stra\u00dfburg zu einem Workshop, der der Bewertung von Klimarisiken in den Binnenh\u00e4fen des Rheins gewidmet war. Vertreter der Ports de Strasbourg \u2013 PAS, des Kehler Hafen, der Schweizerischen Rheinh\u00e4fen \u2013 Port of Switzerland und von Euro [&hellip;]\" \/>\n<meta property=\"og:url\" content=\"https:\/\/www.upper-rhine-ports.eu\/de\/workshop-zur-bewertung-von-klimarisiken\/\" \/>\n<meta property=\"og:site_name\" content=\"Upper Rhine Ports\" \/>\n<meta property=\"article:published_time\" content=\"2025-07-04T14:29:16+00:00\" \/>\n<meta property=\"article:modified_time\" content=\"2025-07-31T15:11:51+00:00\" \/>\n<meta property=\"og:image\" content=\"https:\/\/www.upper-rhine-ports.eu\/wp-content\/uploads\/2025\/07\/DSC03604-scaled.jpg\" \/>\n\t<meta property=\"og:image:width\" content=\"2560\" \/>\n\t<meta property=\"og:image:height\" content=\"1707\" \/>\n\t<meta property=\"og:image:type\" content=\"image\/jpeg\" \/>\n<meta name=\"author\" content=\"Manfred Rausch\" \/>\n<meta name=\"twitter:card\" content=\"summary_large_image\" \/>\n<meta name=\"twitter:label1\" content=\"Verfasst von\" \/>\n\t<meta name=\"twitter:data1\" content=\"Manfred Rausch\" \/>\n\t<meta name=\"twitter:label2\" content=\"Gesch\u00e4tzte Lesezeit\" \/>\n\t<meta name=\"twitter:data2\" content=\"1\u00a0Minute\" \/>\n<script type=\"application\/ld+json\" class=\"yoast-schema-graph\">{\"@context\":\"https:\\\/\\\/schema.org\",\"@graph\":[{\"@type\":\"Article\",\"@id\":\"https:\\\/\\\/www.upper-rhine-ports.eu\\\/de\\\/workshop-zur-bewertung-von-klimarisiken\\\/#article\",\"isPartOf\":{\"@id\":\"https:\\\/\\\/www.upper-rhine-ports.eu\\\/de\\\/workshop-zur-bewertung-von-klimarisiken\\\/\"},\"author\":{\"name\":\"Manfred Rausch\",\"@id\":\"https:\\\/\\\/www.upper-rhine-ports.eu\\\/de\\\/#\\\/schema\\\/person\\\/7c577a031f4a667714c72948b0c9ab9c\"},\"headline\":\"Workshop zur Bewertung von Klimarisiken\",\"datePublished\":\"2025-07-04T14:29:16+00:00\",\"dateModified\":\"2025-07-31T15:11:51+00:00\",\"mainEntityOfPage\":{\"@id\":\"https:\\\/\\\/www.upper-rhine-ports.eu\\\/de\\\/workshop-zur-bewertung-von-klimarisiken\\\/\"},\"wordCount\":173,\"publisher\":{\"@id\":\"https:\\\/\\\/www.upper-rhine-ports.eu\\\/de\\\/#organization\"},\"image\":{\"@id\":\"https:\\\/\\\/www.upper-rhine-ports.eu\\\/de\\\/workshop-zur-bewertung-von-klimarisiken\\\/#primaryimage\"},\"thumbnailUrl\":\"https:\\\/\\\/www.upper-rhine-ports.eu\\\/wp-content\\\/uploads\\\/2025\\\/07\\\/DSC03604-scaled.jpg\",\"articleSection\":[\"Unkategorisiert\"],\"inLanguage\":\"de\"},{\"@type\":\"WebPage\",\"@id\":\"https:\\\/\\\/www.upper-rhine-ports.eu\\\/de\\\/workshop-zur-bewertung-von-klimarisiken\\\/\",\"url\":\"https:\\\/\\\/www.upper-rhine-ports.eu\\\/de\\\/workshop-zur-bewertung-von-klimarisiken\\\/\",\"name\":\"Workshop zur Bewertung von Klimarisiken - Upper Rhine Ports\",\"isPartOf\":{\"@id\":\"https:\\\/\\\/www.upper-rhine-ports.eu\\\/de\\\/#website\"},\"primaryImageOfPage\":{\"@id\":\"https:\\\/\\\/www.upper-rhine-ports.eu\\\/de\\\/workshop-zur-bewertung-von-klimarisiken\\\/#primaryimage\"},\"image\":{\"@id\":\"https:\\\/\\\/www.upper-rhine-ports.eu\\\/de\\\/workshop-zur-bewertung-von-klimarisiken\\\/#primaryimage\"},\"thumbnailUrl\":\"https:\\\/\\\/www.upper-rhine-ports.eu\\\/wp-content\\\/uploads\\\/2025\\\/07\\\/DSC03604-scaled.jpg\",\"datePublished\":\"2025-07-04T14:29:16+00:00\",\"dateModified\":\"2025-07-31T15:11:51+00:00\",\"breadcrumb\":{\"@id\":\"https:\\\/\\\/www.upper-rhine-ports.eu\\\/de\\\/workshop-zur-bewertung-von-klimarisiken\\\/#breadcrumb\"},\"inLanguage\":\"de\",\"potentialAction\":[{\"@type\":\"ReadAction\",\"target\":[\"https:\\\/\\\/www.upper-rhine-ports.eu\\\/de\\\/workshop-zur-bewertung-von-klimarisiken\\\/\"]}]},{\"@type\":\"ImageObject\",\"inLanguage\":\"de\",\"@id\":\"https:\\\/\\\/www.upper-rhine-ports.eu\\\/de\\\/workshop-zur-bewertung-von-klimarisiken\\\/#primaryimage\",\"url\":\"https:\\\/\\\/www.upper-rhine-ports.eu\\\/wp-content\\\/uploads\\\/2025\\\/07\\\/DSC03604-scaled.jpg\",\"contentUrl\":\"https:\\\/\\\/www.upper-rhine-ports.eu\\\/wp-content\\\/uploads\\\/2025\\\/07\\\/DSC03604-scaled.jpg\",\"width\":2560,\"height\":1707},{\"@type\":\"BreadcrumbList\",\"@id\":\"https:\\\/\\\/www.upper-rhine-ports.eu\\\/de\\\/workshop-zur-bewertung-von-klimarisiken\\\/#breadcrumb\",\"itemListElement\":[{\"@type\":\"ListItem\",\"position\":1,\"name\":\"Accueil\",\"item\":\"https:\\\/\\\/www.upper-rhine-ports.eu\\\/de\\\/\"},{\"@type\":\"ListItem\",\"position\":2,\"name\":\"Workshop zur Bewertung von Klimarisiken\"}]},{\"@type\":\"WebSite\",\"@id\":\"https:\\\/\\\/www.upper-rhine-ports.eu\\\/de\\\/#website\",\"url\":\"https:\\\/\\\/www.upper-rhine-ports.eu\\\/de\\\/\",\"name\":\"Upper Rhine Ports\",\"description\":\"\",\"publisher\":{\"@id\":\"https:\\\/\\\/www.upper-rhine-ports.eu\\\/de\\\/#organization\"},\"potentialAction\":[{\"@type\":\"SearchAction\",\"target\":{\"@type\":\"EntryPoint\",\"urlTemplate\":\"https:\\\/\\\/www.upper-rhine-ports.eu\\\/de\\\/?s={search_term_string}\"},\"query-input\":{\"@type\":\"PropertyValueSpecification\",\"valueRequired\":true,\"valueName\":\"search_term_string\"}}],\"inLanguage\":\"de\"},{\"@type\":\"Organization\",\"@id\":\"https:\\\/\\\/www.upper-rhine-ports.eu\\\/de\\\/#organization\",\"name\":\"Upper Rhine Ports\",\"url\":\"https:\\\/\\\/www.upper-rhine-ports.eu\\\/de\\\/\",\"logo\":{\"@type\":\"ImageObject\",\"inLanguage\":\"de\",\"@id\":\"https:\\\/\\\/www.upper-rhine-ports.eu\\\/de\\\/#\\\/schema\\\/logo\\\/image\\\/\",\"url\":\"https:\\\/\\\/www.upper-rhine-ports.eu\\\/wp-content\\\/uploads\\\/2025\\\/04\\\/URPlogo-1.png\",\"contentUrl\":\"https:\\\/\\\/www.upper-rhine-ports.eu\\\/wp-content\\\/uploads\\\/2025\\\/04\\\/URPlogo-1.png\",\"width\":300,\"height\":245,\"caption\":\"Upper Rhine Ports\"},\"image\":{\"@id\":\"https:\\\/\\\/www.upper-rhine-ports.eu\\\/de\\\/#\\\/schema\\\/logo\\\/image\\\/\"}},{\"@type\":\"Person\",\"@id\":\"https:\\\/\\\/www.upper-rhine-ports.eu\\\/de\\\/#\\\/schema\\\/person\\\/7c577a031f4a667714c72948b0c9ab9c\",\"name\":\"Manfred Rausch\"}]}<\/script>\n<!-- \/ Yoast SEO plugin. -->","yoast_head_json":{"title":"Workshop zur Bewertung von Klimarisiken - Upper Rhine Ports","robots":{"index":"index","follow":"follow","max-snippet":"max-snippet:-1","max-image-preview":"max-image-preview:large","max-video-preview":"max-video-preview:-1"},"canonical":"https:\/\/www.upper-rhine-ports.eu\/de\/workshop-zur-bewertung-von-klimarisiken\/","og_locale":"de_DE","og_type":"article","og_title":"Workshop zur Bewertung von Klimarisiken - Upper Rhine Ports","og_description":"Am 3. Juli 2025 versammelten sich die Partner des Projekts Interreg Oberrhein | Oberrhein CRANE im Wasserkraftwerk EDF in Stra\u00dfburg zu einem Workshop, der der Bewertung von Klimarisiken in den Binnenh\u00e4fen des Rheins gewidmet war. Vertreter der Ports de Strasbourg \u2013 PAS, des Kehler Hafen, der Schweizerischen Rheinh\u00e4fen \u2013 Port of Switzerland und von Euro [&hellip;]","og_url":"https:\/\/www.upper-rhine-ports.eu\/de\/workshop-zur-bewertung-von-klimarisiken\/","og_site_name":"Upper Rhine Ports","article_published_time":"2025-07-04T14:29:16+00:00","article_modified_time":"2025-07-31T15:11:51+00:00","og_image":[{"width":2560,"height":1707,"url":"https:\/\/www.upper-rhine-ports.eu\/wp-content\/uploads\/2025\/07\/DSC03604-scaled.jpg","type":"image\/jpeg"}],"author":"Manfred Rausch","twitter_card":"summary_large_image","twitter_misc":{"Verfasst von":"Manfred Rausch","Gesch\u00e4tzte Lesezeit":"1\u00a0Minute"},"schema":{"@context":"https:\/\/schema.org","@graph":[{"@type":"Article","@id":"https:\/\/www.upper-rhine-ports.eu\/de\/workshop-zur-bewertung-von-klimarisiken\/#article","isPartOf":{"@id":"https:\/\/www.upper-rhine-ports.eu\/de\/workshop-zur-bewertung-von-klimarisiken\/"},"author":{"name":"Manfred Rausch","@id":"https:\/\/www.upper-rhine-ports.eu\/de\/#\/schema\/person\/7c577a031f4a667714c72948b0c9ab9c"},"headline":"Workshop zur Bewertung von Klimarisiken","datePublished":"2025-07-04T14:29:16+00:00","dateModified":"2025-07-31T15:11:51+00:00","mainEntityOfPage":{"@id":"https:\/\/www.upper-rhine-ports.eu\/de\/workshop-zur-bewertung-von-klimarisiken\/"},"wordCount":173,"publisher":{"@id":"https:\/\/www.upper-rhine-ports.eu\/de\/#organization"},"image":{"@id":"https:\/\/www.upper-rhine-ports.eu\/de\/workshop-zur-bewertung-von-klimarisiken\/#primaryimage"},"thumbnailUrl":"https:\/\/www.upper-rhine-ports.eu\/wp-content\/uploads\/2025\/07\/DSC03604-scaled.jpg","articleSection":["Unkategorisiert"],"inLanguage":"de"},{"@type":"WebPage","@id":"https:\/\/www.upper-rhine-ports.eu\/de\/workshop-zur-bewertung-von-klimarisiken\/","url":"https:\/\/www.upper-rhine-ports.eu\/de\/workshop-zur-bewertung-von-klimarisiken\/","name":"Workshop zur Bewertung von Klimarisiken - Upper Rhine Ports","isPartOf":{"@id":"https:\/\/www.upper-rhine-ports.eu\/de\/#website"},"primaryImageOfPage":{"@id":"https:\/\/www.upper-rhine-ports.eu\/de\/workshop-zur-bewertung-von-klimarisiken\/#primaryimage"},"image":{"@id":"https:\/\/www.upper-rhine-ports.eu\/de\/workshop-zur-bewertung-von-klimarisiken\/#primaryimage"},"thumbnailUrl":"https:\/\/www.upper-rhine-ports.eu\/wp-content\/uploads\/2025\/07\/DSC03604-scaled.jpg","datePublished":"2025-07-04T14:29:16+00:00","dateModified":"2025-07-31T15:11:51+00:00","breadcrumb":{"@id":"https:\/\/www.upper-rhine-ports.eu\/de\/workshop-zur-bewertung-von-klimarisiken\/#breadcrumb"},"inLanguage":"de","potentialAction":[{"@type":"ReadAction","target":["https:\/\/www.upper-rhine-ports.eu\/de\/workshop-zur-bewertung-von-klimarisiken\/"]}]},{"@type":"ImageObject","inLanguage":"de","@id":"https:\/\/www.upper-rhine-ports.eu\/de\/workshop-zur-bewertung-von-klimarisiken\/#primaryimage","url":"https:\/\/www.upper-rhine-ports.eu\/wp-content\/uploads\/2025\/07\/DSC03604-scaled.jpg","contentUrl":"https:\/\/www.upper-rhine-ports.eu\/wp-content\/uploads\/2025\/07\/DSC03604-scaled.jpg","width":2560,"height":1707},{"@type":"BreadcrumbList","@id":"https:\/\/www.upper-rhine-ports.eu\/de\/workshop-zur-bewertung-von-klimarisiken\/#breadcrumb","itemListElement":[{"@type":"ListItem","position":1,"name":"Accueil","item":"https:\/\/www.upper-rhine-ports.eu\/de\/"},{"@type":"ListItem","position":2,"name":"Workshop zur Bewertung von Klimarisiken"}]},{"@type":"WebSite","@id":"https:\/\/www.upper-rhine-ports.eu\/de\/#website","url":"https:\/\/www.upper-rhine-ports.eu\/de\/","name":"Upper Rhine Ports","description":"","publisher":{"@id":"https:\/\/www.upper-rhine-ports.eu\/de\/#organization"},"potentialAction":[{"@type":"SearchAction","target":{"@type":"EntryPoint","urlTemplate":"https:\/\/www.upper-rhine-ports.eu\/de\/?s={search_term_string}"},"query-input":{"@type":"PropertyValueSpecification","valueRequired":true,"valueName":"search_term_string"}}],"inLanguage":"de"},{"@type":"Organization","@id":"https:\/\/www.upper-rhine-ports.eu\/de\/#organization","name":"Upper Rhine Ports","url":"https:\/\/www.upper-rhine-ports.eu\/de\/","logo":{"@type":"ImageObject","inLanguage":"de","@id":"https:\/\/www.upper-rhine-ports.eu\/de\/#\/schema\/logo\/image\/","url":"https:\/\/www.upper-rhine-ports.eu\/wp-content\/uploads\/2025\/04\/URPlogo-1.png","contentUrl":"https:\/\/www.upper-rhine-ports.eu\/wp-content\/uploads\/2025\/04\/URPlogo-1.png","width":300,"height":245,"caption":"Upper Rhine Ports"},"image":{"@id":"https:\/\/www.upper-rhine-ports.eu\/de\/#\/schema\/logo\/image\/"}},{"@type":"Person","@id":"https:\/\/www.upper-rhine-ports.eu\/de\/#\/schema\/person\/7c577a031f4a667714c72948b0c9ab9c","name":"Manfred Rausch"}]}},"uagb_featured_image_src":{"full":["https:\/\/www.upper-rhine-ports.eu\/wp-content\/uploads\/2025\/07\/DSC03604-scaled.jpg",2560,1707,false],"thumbnail":["https:\/\/www.upper-rhine-ports.eu\/wp-content\/uploads\/2025\/07\/DSC03604-150x150.jpg",150,150,true],"medium":["https:\/\/www.upper-rhine-ports.eu\/wp-content\/uploads\/2025\/07\/DSC03604-300x200.jpg",300,200,true],"medium_large":["https:\/\/www.upper-rhine-ports.eu\/wp-content\/uploads\/2025\/07\/DSC03604-768x512.jpg",768,512,true],"large":["https:\/\/www.upper-rhine-ports.eu\/wp-content\/uploads\/2025\/07\/DSC03604-1024x683.jpg",1024,683,true],"1536x1536":["https:\/\/www.upper-rhine-ports.eu\/wp-content\/uploads\/2025\/07\/DSC03604-1536x1024.jpg",1536,1024,true],"2048x2048":["https:\/\/www.upper-rhine-ports.eu\/wp-content\/uploads\/2025\/07\/DSC03604-2048x1365.jpg",2048,1365,true],"wp_grid_builder_size_1":["https:\/\/www.upper-rhine-ports.eu\/wp-content\/uploads\/2025\/07\/DSC03604-360x210.jpg",360,210,true]},"uagb_author_info":{"display_name":"Manfred Rausch","author_link":"https:\/\/www.upper-rhine-ports.eu\/de\/author\/manfred\/"},"uagb_comment_info":0,"uagb_excerpt":"Am 3. Juli 2025 versammelten sich die Partner des Projekts Interreg Oberrhein | Oberrhein CRANE im Wasserkraftwerk EDF in Stra\u00dfburg zu einem Workshop, der der Bewertung von Klimarisiken in den Binnenh\u00e4fen des Rheins gewidmet war. Vertreter der Ports de Strasbourg \u2013 PAS, des Kehler Hafen, der Schweizerischen Rheinh\u00e4fen \u2013 Port of Switzerland und von Euro&hellip;","mfb_rest_fields":["title","yoast_head","yoast_head_json","uagb_featured_image_src","uagb_author_info","uagb_comment_info","uagb_excerpt"],"_links":{"self":[{"href":"https:\/\/www.upper-rhine-ports.eu\/de\/wp-json\/wp\/v2\/posts\/2581","targetHints":{"allow":["GET"]}}],"collection":[{"href":"https:\/\/www.upper-rhine-ports.eu\/de\/wp-json\/wp\/v2\/posts"}],"about":[{"href":"https:\/\/www.upper-rhine-ports.eu\/de\/wp-json\/wp\/v2\/types\/post"}],"author":[{"embeddable":true,"href":"https:\/\/www.upper-rhine-ports.eu\/de\/wp-json\/wp\/v2\/users\/3"}],"replies":[{"embeddable":true,"href":"https:\/\/www.upper-rhine-ports.eu\/de\/wp-json\/wp\/v2\/comments?post=2581"}],"version-history":[{"count":1,"href":"https:\/\/www.upper-rhine-ports.eu\/de\/wp-json\/wp\/v2\/posts\/2581\/revisions"}],"predecessor-version":[{"id":2582,"href":"https:\/\/www.upper-rhine-ports.eu\/de\/wp-json\/wp\/v2\/posts\/2581\/revisions\/2582"}],"wp:featuredmedia":[{"embeddable":true,"href":"https:\/\/www.upper-rhine-ports.eu\/de\/wp-json\/wp\/v2\/media\/2555"}],"wp:attachment":[{"href":"https:\/\/www.upper-rhine-ports.eu\/de\/wp-json\/wp\/v2\/media?parent=2581"}],"wp:term":[{"taxonomy":"category","embeddable":true,"href":"https:\/\/www.upper-rhine-ports.eu\/de\/wp-json\/wp\/v2\/categories?post=2581"},{"taxonomy":"post_tag","embeddable":true,"href":"https:\/\/www.upper-rhine-ports.eu\/de\/wp-json\/wp\/v2\/tags?post=2581"},{"taxonomy":"post_folder","embeddable":true,"href":"https:\/\/www.upper-rhine-ports.eu\/de\/wp-json\/wp\/v2\/post_folder?post=2581"}],"curies":[{"name":"wp","href":"https:\/\/api.w.org\/{rel}","templated":true}]}}