{"id":2579,"date":"2025-06-27T16:21:57","date_gmt":"2025-06-27T14:21:57","guid":{"rendered":"https:\/\/www.upper-rhine-ports.eu\/vortrag-hitzeinseln-in-den-oberrheinhaefen-mit-nico-bader\/"},"modified":"2025-07-31T17:08:05","modified_gmt":"2025-07-31T15:08:05","slug":"vortrag-hitzeinseln-in-den-oberrheinhaefen-mit-nico-bader","status":"publish","type":"post","link":"https:\/\/www.upper-rhine-ports.eu\/de\/vortrag-hitzeinseln-in-den-oberrheinhaefen-mit-nico-bader\/","title":{"rendered":"Vortrag \u2013 Hitzeinseln in den Oberrheinh\u00e4fen mit Nico Bader"},"content":{"rendered":"\n<p>Im Rahmen der vom Projekt CRANE organisierten Online-Konferenz \u201eHitzeinseln in den Oberrheinh\u00e4fen: eine wachsende Herausforderung angesichts des Klimawandels\u201d stellte Nico Bader vom Unternehmen meteoblue die Ergebnisse einer umfassenden Analyse der Auswirkungen von Hitzeinseln in den Oberrheinh\u00e4fen vor.<\/p>\n\n<p>Anhand hochaufl\u00f6sender Simulationskarten konnten die Hafenvertreter die Zunahme der st\u00e4dtischen Hitzeinseln in den Hafengebieten visualisieren und deren Entwicklung vor dem Hintergrund der globalen Erw\u00e4rmung nachvollziehen. Die Pr\u00e4sentation gab auch einen Einblick in die verwendete Methodik, die erzielten Ergebnisse und die m\u00f6glichen Verwendungszwecke dieser Daten f\u00fcr Anpassungsstrategien.<\/p>\n\n<p>Das Schweizer Unternehmen meteoblue ist auf Wetter- und Klimadaten spezialisiert und liefert hochwertige Informationen f\u00fcr jeden Ort der Welt. Mit mehr als 18 Jahren Erfahrung, einem Team von \u00fcber 50 Mitarbeitern, mehr als 3.000 Kunden und 60 Millionen Nutzern seiner Website hat sich das Unternehmen als wichtiger Akteur im Bereich der Klimaanalyse f\u00fcr Regionen etabliert.<\/p>\n\n<p><\/p>\n","protected":false},"excerpt":{"rendered":"<p>Im Rahmen der vom Projekt CRANE organisierten Online-Konferenz \u201eHitzeinseln in den Oberrheinh\u00e4fen: eine wachsende Herausforderung angesichts des Klimawandels\u201d stellte Nico Bader vom Unternehmen meteoblue die Ergebnisse einer umfassenden Analyse der Auswirkungen von Hitzeinseln in den Oberrheinh\u00e4fen vor. Anhand hochaufl\u00f6sender Simulationskarten konnten die Hafenvertreter die Zunahme der st\u00e4dtischen Hitzeinseln in den Hafengebieten visualisieren und deren Entwicklung [&hellip;]<\/p>\n","protected":false},"author":3,"featured_media":2541,"comment_status":"closed","ping_status":"closed","sticky":false,"template":"","format":"standard","meta":{"_acf_changed":false,"inline_featured_image":false,"_uag_custom_page_level_css":"","footnotes":""},"categories":[44],"tags":[],"post_folder":[],"class_list":["post-2579","post","type-post","status-publish","format-standard","has-post-thumbnail","hentry","category-unkategorisiert"],"acf":[],"mb":[],"yoast_head":"<!-- This site is optimized with the Yoast SEO plugin v27.3 - https:\/\/yoast.com\/product\/yoast-seo-wordpress\/ -->\n<title>Vortrag \u2013 Hitzeinseln in den Oberrheinh\u00e4fen mit Nico Bader - Upper Rhine Ports<\/title>\n<meta name=\"robots\" content=\"index, follow, max-snippet:-1, max-image-preview:large, max-video-preview:-1\" \/>\n<link rel=\"canonical\" href=\"https:\/\/www.upper-rhine-ports.eu\/de\/vortrag-hitzeinseln-in-den-oberrheinhaefen-mit-nico-bader\/\" \/>\n<meta property=\"og:locale\" content=\"de_DE\" \/>\n<meta property=\"og:type\" content=\"article\" \/>\n<meta property=\"og:title\" content=\"Vortrag \u2013 Hitzeinseln in den Oberrheinh\u00e4fen mit Nico Bader - Upper Rhine Ports\" \/>\n<meta property=\"og:description\" content=\"Im Rahmen der vom Projekt CRANE organisierten Online-Konferenz \u201eHitzeinseln in den Oberrheinh\u00e4fen: eine wachsende Herausforderung angesichts des Klimawandels\u201d stellte Nico Bader vom Unternehmen meteoblue die Ergebnisse einer umfassenden Analyse der Auswirkungen von Hitzeinseln in den Oberrheinh\u00e4fen vor. Anhand hochaufl\u00f6sender Simulationskarten konnten die Hafenvertreter die Zunahme der st\u00e4dtischen Hitzeinseln in den Hafengebieten visualisieren und deren Entwicklung [&hellip;]\" \/>\n<meta property=\"og:url\" content=\"https:\/\/www.upper-rhine-ports.eu\/de\/vortrag-hitzeinseln-in-den-oberrheinhaefen-mit-nico-bader\/\" \/>\n<meta property=\"og:site_name\" content=\"Upper Rhine Ports\" \/>\n<meta property=\"article:published_time\" content=\"2025-06-27T14:21:57+00:00\" \/>\n<meta property=\"article:modified_time\" content=\"2025-07-31T15:08:05+00:00\" \/>\n<meta property=\"og:image\" content=\"https:\/\/www.upper-rhine-ports.eu\/wp-content\/uploads\/2025\/07\/Capture-decran-2025-07-31-162014.png\" \/>\n\t<meta property=\"og:image:width\" content=\"1504\" \/>\n\t<meta property=\"og:image:height\" content=\"845\" \/>\n\t<meta property=\"og:image:type\" content=\"image\/png\" \/>\n<meta name=\"author\" content=\"Manfred Rausch\" \/>\n<meta name=\"twitter:card\" content=\"summary_large_image\" \/>\n<meta name=\"twitter:label1\" content=\"Verfasst von\" \/>\n\t<meta name=\"twitter:data1\" content=\"Manfred Rausch\" \/>\n\t<meta name=\"twitter:label2\" content=\"Gesch\u00e4tzte Lesezeit\" \/>\n\t<meta name=\"twitter:data2\" content=\"1\u00a0Minute\" \/>\n<script type=\"application\/ld+json\" class=\"yoast-schema-graph\">{\"@context\":\"https:\\\/\\\/schema.org\",\"@graph\":[{\"@type\":\"Article\",\"@id\":\"https:\\\/\\\/www.upper-rhine-ports.eu\\\/de\\\/vortrag-hitzeinseln-in-den-oberrheinhaefen-mit-nico-bader\\\/#article\",\"isPartOf\":{\"@id\":\"https:\\\/\\\/www.upper-rhine-ports.eu\\\/de\\\/vortrag-hitzeinseln-in-den-oberrheinhaefen-mit-nico-bader\\\/\"},\"author\":{\"name\":\"Manfred Rausch\",\"@id\":\"https:\\\/\\\/www.upper-rhine-ports.eu\\\/de\\\/#\\\/schema\\\/person\\\/7c577a031f4a667714c72948b0c9ab9c\"},\"headline\":\"Vortrag \u2013 Hitzeinseln in den Oberrheinh\u00e4fen mit Nico Bader\",\"datePublished\":\"2025-06-27T14:21:57+00:00\",\"dateModified\":\"2025-07-31T15:08:05+00:00\",\"mainEntityOfPage\":{\"@id\":\"https:\\\/\\\/www.upper-rhine-ports.eu\\\/de\\\/vortrag-hitzeinseln-in-den-oberrheinhaefen-mit-nico-bader\\\/\"},\"wordCount\":153,\"publisher\":{\"@id\":\"https:\\\/\\\/www.upper-rhine-ports.eu\\\/de\\\/#organization\"},\"image\":{\"@id\":\"https:\\\/\\\/www.upper-rhine-ports.eu\\\/de\\\/vortrag-hitzeinseln-in-den-oberrheinhaefen-mit-nico-bader\\\/#primaryimage\"},\"thumbnailUrl\":\"https:\\\/\\\/www.upper-rhine-ports.eu\\\/wp-content\\\/uploads\\\/2025\\\/07\\\/Capture-decran-2025-07-31-162014.png\",\"articleSection\":[\"Unkategorisiert\"],\"inLanguage\":\"de\"},{\"@type\":\"WebPage\",\"@id\":\"https:\\\/\\\/www.upper-rhine-ports.eu\\\/de\\\/vortrag-hitzeinseln-in-den-oberrheinhaefen-mit-nico-bader\\\/\",\"url\":\"https:\\\/\\\/www.upper-rhine-ports.eu\\\/de\\\/vortrag-hitzeinseln-in-den-oberrheinhaefen-mit-nico-bader\\\/\",\"name\":\"Vortrag \u2013 Hitzeinseln in den Oberrheinh\u00e4fen mit Nico Bader - Upper Rhine Ports\",\"isPartOf\":{\"@id\":\"https:\\\/\\\/www.upper-rhine-ports.eu\\\/de\\\/#website\"},\"primaryImageOfPage\":{\"@id\":\"https:\\\/\\\/www.upper-rhine-ports.eu\\\/de\\\/vortrag-hitzeinseln-in-den-oberrheinhaefen-mit-nico-bader\\\/#primaryimage\"},\"image\":{\"@id\":\"https:\\\/\\\/www.upper-rhine-ports.eu\\\/de\\\/vortrag-hitzeinseln-in-den-oberrheinhaefen-mit-nico-bader\\\/#primaryimage\"},\"thumbnailUrl\":\"https:\\\/\\\/www.upper-rhine-ports.eu\\\/wp-content\\\/uploads\\\/2025\\\/07\\\/Capture-decran-2025-07-31-162014.png\",\"datePublished\":\"2025-06-27T14:21:57+00:00\",\"dateModified\":\"2025-07-31T15:08:05+00:00\",\"breadcrumb\":{\"@id\":\"https:\\\/\\\/www.upper-rhine-ports.eu\\\/de\\\/vortrag-hitzeinseln-in-den-oberrheinhaefen-mit-nico-bader\\\/#breadcrumb\"},\"inLanguage\":\"de\",\"potentialAction\":[{\"@type\":\"ReadAction\",\"target\":[\"https:\\\/\\\/www.upper-rhine-ports.eu\\\/de\\\/vortrag-hitzeinseln-in-den-oberrheinhaefen-mit-nico-bader\\\/\"]}]},{\"@type\":\"ImageObject\",\"inLanguage\":\"de\",\"@id\":\"https:\\\/\\\/www.upper-rhine-ports.eu\\\/de\\\/vortrag-hitzeinseln-in-den-oberrheinhaefen-mit-nico-bader\\\/#primaryimage\",\"url\":\"https:\\\/\\\/www.upper-rhine-ports.eu\\\/wp-content\\\/uploads\\\/2025\\\/07\\\/Capture-decran-2025-07-31-162014.png\",\"contentUrl\":\"https:\\\/\\\/www.upper-rhine-ports.eu\\\/wp-content\\\/uploads\\\/2025\\\/07\\\/Capture-decran-2025-07-31-162014.png\",\"width\":1504,\"height\":845},{\"@type\":\"BreadcrumbList\",\"@id\":\"https:\\\/\\\/www.upper-rhine-ports.eu\\\/de\\\/vortrag-hitzeinseln-in-den-oberrheinhaefen-mit-nico-bader\\\/#breadcrumb\",\"itemListElement\":[{\"@type\":\"ListItem\",\"position\":1,\"name\":\"Accueil\",\"item\":\"https:\\\/\\\/www.upper-rhine-ports.eu\\\/de\\\/\"},{\"@type\":\"ListItem\",\"position\":2,\"name\":\"Vortrag \u2013 Hitzeinseln in den Oberrheinh\u00e4fen mit Nico Bader\"}]},{\"@type\":\"WebSite\",\"@id\":\"https:\\\/\\\/www.upper-rhine-ports.eu\\\/de\\\/#website\",\"url\":\"https:\\\/\\\/www.upper-rhine-ports.eu\\\/de\\\/\",\"name\":\"Upper Rhine Ports\",\"description\":\"\",\"publisher\":{\"@id\":\"https:\\\/\\\/www.upper-rhine-ports.eu\\\/de\\\/#organization\"},\"potentialAction\":[{\"@type\":\"SearchAction\",\"target\":{\"@type\":\"EntryPoint\",\"urlTemplate\":\"https:\\\/\\\/www.upper-rhine-ports.eu\\\/de\\\/?s={search_term_string}\"},\"query-input\":{\"@type\":\"PropertyValueSpecification\",\"valueRequired\":true,\"valueName\":\"search_term_string\"}}],\"inLanguage\":\"de\"},{\"@type\":\"Organization\",\"@id\":\"https:\\\/\\\/www.upper-rhine-ports.eu\\\/de\\\/#organization\",\"name\":\"Upper Rhine Ports\",\"url\":\"https:\\\/\\\/www.upper-rhine-ports.eu\\\/de\\\/\",\"logo\":{\"@type\":\"ImageObject\",\"inLanguage\":\"de\",\"@id\":\"https:\\\/\\\/www.upper-rhine-ports.eu\\\/de\\\/#\\\/schema\\\/logo\\\/image\\\/\",\"url\":\"https:\\\/\\\/www.upper-rhine-ports.eu\\\/wp-content\\\/uploads\\\/2025\\\/04\\\/URPlogo-1.png\",\"contentUrl\":\"https:\\\/\\\/www.upper-rhine-ports.eu\\\/wp-content\\\/uploads\\\/2025\\\/04\\\/URPlogo-1.png\",\"width\":300,\"height\":245,\"caption\":\"Upper Rhine Ports\"},\"image\":{\"@id\":\"https:\\\/\\\/www.upper-rhine-ports.eu\\\/de\\\/#\\\/schema\\\/logo\\\/image\\\/\"}},{\"@type\":\"Person\",\"@id\":\"https:\\\/\\\/www.upper-rhine-ports.eu\\\/de\\\/#\\\/schema\\\/person\\\/7c577a031f4a667714c72948b0c9ab9c\",\"name\":\"Manfred Rausch\"}]}<\/script>\n<!-- \/ Yoast SEO plugin. -->","yoast_head_json":{"title":"Vortrag \u2013 Hitzeinseln in den Oberrheinh\u00e4fen mit Nico Bader - Upper Rhine Ports","robots":{"index":"index","follow":"follow","max-snippet":"max-snippet:-1","max-image-preview":"max-image-preview:large","max-video-preview":"max-video-preview:-1"},"canonical":"https:\/\/www.upper-rhine-ports.eu\/de\/vortrag-hitzeinseln-in-den-oberrheinhaefen-mit-nico-bader\/","og_locale":"de_DE","og_type":"article","og_title":"Vortrag \u2013 Hitzeinseln in den Oberrheinh\u00e4fen mit Nico Bader - Upper Rhine Ports","og_description":"Im Rahmen der vom Projekt CRANE organisierten Online-Konferenz \u201eHitzeinseln in den Oberrheinh\u00e4fen: eine wachsende Herausforderung angesichts des Klimawandels\u201d stellte Nico Bader vom Unternehmen meteoblue die Ergebnisse einer umfassenden Analyse der Auswirkungen von Hitzeinseln in den Oberrheinh\u00e4fen vor. Anhand hochaufl\u00f6sender Simulationskarten konnten die Hafenvertreter die Zunahme der st\u00e4dtischen Hitzeinseln in den Hafengebieten visualisieren und deren Entwicklung [&hellip;]","og_url":"https:\/\/www.upper-rhine-ports.eu\/de\/vortrag-hitzeinseln-in-den-oberrheinhaefen-mit-nico-bader\/","og_site_name":"Upper Rhine Ports","article_published_time":"2025-06-27T14:21:57+00:00","article_modified_time":"2025-07-31T15:08:05+00:00","og_image":[{"width":1504,"height":845,"url":"https:\/\/www.upper-rhine-ports.eu\/wp-content\/uploads\/2025\/07\/Capture-decran-2025-07-31-162014.png","type":"image\/png"}],"author":"Manfred Rausch","twitter_card":"summary_large_image","twitter_misc":{"Verfasst von":"Manfred Rausch","Gesch\u00e4tzte Lesezeit":"1\u00a0Minute"},"schema":{"@context":"https:\/\/schema.org","@graph":[{"@type":"Article","@id":"https:\/\/www.upper-rhine-ports.eu\/de\/vortrag-hitzeinseln-in-den-oberrheinhaefen-mit-nico-bader\/#article","isPartOf":{"@id":"https:\/\/www.upper-rhine-ports.eu\/de\/vortrag-hitzeinseln-in-den-oberrheinhaefen-mit-nico-bader\/"},"author":{"name":"Manfred Rausch","@id":"https:\/\/www.upper-rhine-ports.eu\/de\/#\/schema\/person\/7c577a031f4a667714c72948b0c9ab9c"},"headline":"Vortrag \u2013 Hitzeinseln in den Oberrheinh\u00e4fen mit Nico Bader","datePublished":"2025-06-27T14:21:57+00:00","dateModified":"2025-07-31T15:08:05+00:00","mainEntityOfPage":{"@id":"https:\/\/www.upper-rhine-ports.eu\/de\/vortrag-hitzeinseln-in-den-oberrheinhaefen-mit-nico-bader\/"},"wordCount":153,"publisher":{"@id":"https:\/\/www.upper-rhine-ports.eu\/de\/#organization"},"image":{"@id":"https:\/\/www.upper-rhine-ports.eu\/de\/vortrag-hitzeinseln-in-den-oberrheinhaefen-mit-nico-bader\/#primaryimage"},"thumbnailUrl":"https:\/\/www.upper-rhine-ports.eu\/wp-content\/uploads\/2025\/07\/Capture-decran-2025-07-31-162014.png","articleSection":["Unkategorisiert"],"inLanguage":"de"},{"@type":"WebPage","@id":"https:\/\/www.upper-rhine-ports.eu\/de\/vortrag-hitzeinseln-in-den-oberrheinhaefen-mit-nico-bader\/","url":"https:\/\/www.upper-rhine-ports.eu\/de\/vortrag-hitzeinseln-in-den-oberrheinhaefen-mit-nico-bader\/","name":"Vortrag \u2013 Hitzeinseln in den Oberrheinh\u00e4fen mit Nico Bader - Upper Rhine Ports","isPartOf":{"@id":"https:\/\/www.upper-rhine-ports.eu\/de\/#website"},"primaryImageOfPage":{"@id":"https:\/\/www.upper-rhine-ports.eu\/de\/vortrag-hitzeinseln-in-den-oberrheinhaefen-mit-nico-bader\/#primaryimage"},"image":{"@id":"https:\/\/www.upper-rhine-ports.eu\/de\/vortrag-hitzeinseln-in-den-oberrheinhaefen-mit-nico-bader\/#primaryimage"},"thumbnailUrl":"https:\/\/www.upper-rhine-ports.eu\/wp-content\/uploads\/2025\/07\/Capture-decran-2025-07-31-162014.png","datePublished":"2025-06-27T14:21:57+00:00","dateModified":"2025-07-31T15:08:05+00:00","breadcrumb":{"@id":"https:\/\/www.upper-rhine-ports.eu\/de\/vortrag-hitzeinseln-in-den-oberrheinhaefen-mit-nico-bader\/#breadcrumb"},"inLanguage":"de","potentialAction":[{"@type":"ReadAction","target":["https:\/\/www.upper-rhine-ports.eu\/de\/vortrag-hitzeinseln-in-den-oberrheinhaefen-mit-nico-bader\/"]}]},{"@type":"ImageObject","inLanguage":"de","@id":"https:\/\/www.upper-rhine-ports.eu\/de\/vortrag-hitzeinseln-in-den-oberrheinhaefen-mit-nico-bader\/#primaryimage","url":"https:\/\/www.upper-rhine-ports.eu\/wp-content\/uploads\/2025\/07\/Capture-decran-2025-07-31-162014.png","contentUrl":"https:\/\/www.upper-rhine-ports.eu\/wp-content\/uploads\/2025\/07\/Capture-decran-2025-07-31-162014.png","width":1504,"height":845},{"@type":"BreadcrumbList","@id":"https:\/\/www.upper-rhine-ports.eu\/de\/vortrag-hitzeinseln-in-den-oberrheinhaefen-mit-nico-bader\/#breadcrumb","itemListElement":[{"@type":"ListItem","position":1,"name":"Accueil","item":"https:\/\/www.upper-rhine-ports.eu\/de\/"},{"@type":"ListItem","position":2,"name":"Vortrag \u2013 Hitzeinseln in den Oberrheinh\u00e4fen mit Nico Bader"}]},{"@type":"WebSite","@id":"https:\/\/www.upper-rhine-ports.eu\/de\/#website","url":"https:\/\/www.upper-rhine-ports.eu\/de\/","name":"Upper Rhine Ports","description":"","publisher":{"@id":"https:\/\/www.upper-rhine-ports.eu\/de\/#organization"},"potentialAction":[{"@type":"SearchAction","target":{"@type":"EntryPoint","urlTemplate":"https:\/\/www.upper-rhine-ports.eu\/de\/?s={search_term_string}"},"query-input":{"@type":"PropertyValueSpecification","valueRequired":true,"valueName":"search_term_string"}}],"inLanguage":"de"},{"@type":"Organization","@id":"https:\/\/www.upper-rhine-ports.eu\/de\/#organization","name":"Upper Rhine Ports","url":"https:\/\/www.upper-rhine-ports.eu\/de\/","logo":{"@type":"ImageObject","inLanguage":"de","@id":"https:\/\/www.upper-rhine-ports.eu\/de\/#\/schema\/logo\/image\/","url":"https:\/\/www.upper-rhine-ports.eu\/wp-content\/uploads\/2025\/04\/URPlogo-1.png","contentUrl":"https:\/\/www.upper-rhine-ports.eu\/wp-content\/uploads\/2025\/04\/URPlogo-1.png","width":300,"height":245,"caption":"Upper Rhine Ports"},"image":{"@id":"https:\/\/www.upper-rhine-ports.eu\/de\/#\/schema\/logo\/image\/"}},{"@type":"Person","@id":"https:\/\/www.upper-rhine-ports.eu\/de\/#\/schema\/person\/7c577a031f4a667714c72948b0c9ab9c","name":"Manfred Rausch"}]}},"uagb_featured_image_src":{"full":["https:\/\/www.upper-rhine-ports.eu\/wp-content\/uploads\/2025\/07\/Capture-decran-2025-07-31-162014.png",1504,845,false],"thumbnail":["https:\/\/www.upper-rhine-ports.eu\/wp-content\/uploads\/2025\/07\/Capture-decran-2025-07-31-162014-150x150.png",150,150,true],"medium":["https:\/\/www.upper-rhine-ports.eu\/wp-content\/uploads\/2025\/07\/Capture-decran-2025-07-31-162014-300x169.png",300,169,true],"medium_large":["https:\/\/www.upper-rhine-ports.eu\/wp-content\/uploads\/2025\/07\/Capture-decran-2025-07-31-162014-768x431.png",768,431,true],"large":["https:\/\/www.upper-rhine-ports.eu\/wp-content\/uploads\/2025\/07\/Capture-decran-2025-07-31-162014-1024x575.png",1024,575,true],"1536x1536":["https:\/\/www.upper-rhine-ports.eu\/wp-content\/uploads\/2025\/07\/Capture-decran-2025-07-31-162014.png",1504,845,false],"2048x2048":["https:\/\/www.upper-rhine-ports.eu\/wp-content\/uploads\/2025\/07\/Capture-decran-2025-07-31-162014.png",1504,845,false],"wp_grid_builder_size_1":["https:\/\/www.upper-rhine-ports.eu\/wp-content\/uploads\/2025\/07\/Capture-decran-2025-07-31-162014-360x210.png",360,210,true]},"uagb_author_info":{"display_name":"Manfred Rausch","author_link":"https:\/\/www.upper-rhine-ports.eu\/de\/author\/manfred\/"},"uagb_comment_info":0,"uagb_excerpt":"Im Rahmen der vom Projekt CRANE organisierten Online-Konferenz \u201eHitzeinseln in den Oberrheinh\u00e4fen: eine wachsende Herausforderung angesichts des Klimawandels\u201d stellte Nico Bader vom Unternehmen meteoblue die Ergebnisse einer umfassenden Analyse der Auswirkungen von Hitzeinseln in den Oberrheinh\u00e4fen vor. Anhand hochaufl\u00f6sender Simulationskarten konnten die Hafenvertreter die Zunahme der st\u00e4dtischen Hitzeinseln in den Hafengebieten visualisieren und deren Entwicklung&hellip;","mfb_rest_fields":["title","yoast_head","yoast_head_json","uagb_featured_image_src","uagb_author_info","uagb_comment_info","uagb_excerpt"],"_links":{"self":[{"href":"https:\/\/www.upper-rhine-ports.eu\/de\/wp-json\/wp\/v2\/posts\/2579","targetHints":{"allow":["GET"]}}],"collection":[{"href":"https:\/\/www.upper-rhine-ports.eu\/de\/wp-json\/wp\/v2\/posts"}],"about":[{"href":"https:\/\/www.upper-rhine-ports.eu\/de\/wp-json\/wp\/v2\/types\/post"}],"author":[{"embeddable":true,"href":"https:\/\/www.upper-rhine-ports.eu\/de\/wp-json\/wp\/v2\/users\/3"}],"replies":[{"embeddable":true,"href":"https:\/\/www.upper-rhine-ports.eu\/de\/wp-json\/wp\/v2\/comments?post=2579"}],"version-history":[{"count":1,"href":"https:\/\/www.upper-rhine-ports.eu\/de\/wp-json\/wp\/v2\/posts\/2579\/revisions"}],"predecessor-version":[{"id":2580,"href":"https:\/\/www.upper-rhine-ports.eu\/de\/wp-json\/wp\/v2\/posts\/2579\/revisions\/2580"}],"wp:featuredmedia":[{"embeddable":true,"href":"https:\/\/www.upper-rhine-ports.eu\/de\/wp-json\/wp\/v2\/media\/2541"}],"wp:attachment":[{"href":"https:\/\/www.upper-rhine-ports.eu\/de\/wp-json\/wp\/v2\/media?parent=2579"}],"wp:term":[{"taxonomy":"category","embeddable":true,"href":"https:\/\/www.upper-rhine-ports.eu\/de\/wp-json\/wp\/v2\/categories?post=2579"},{"taxonomy":"post_tag","embeddable":true,"href":"https:\/\/www.upper-rhine-ports.eu\/de\/wp-json\/wp\/v2\/tags?post=2579"},{"taxonomy":"post_folder","embeddable":true,"href":"https:\/\/www.upper-rhine-ports.eu\/de\/wp-json\/wp\/v2\/post_folder?post=2579"}],"curies":[{"name":"wp","href":"https:\/\/api.w.org\/{rel}","templated":true}]}}