{"id":2564,"date":"2025-07-10T16:33:56","date_gmt":"2025-07-10T14:33:56","guid":{"rendered":"https:\/\/www.upper-rhine-ports.eu\/eine-expertentreffen-zur-anpassungsplanung\/"},"modified":"2025-07-31T16:51:08","modified_gmt":"2025-07-31T14:51:08","slug":"eine-expertentreffen-zur-anpassungsplanung","status":"publish","type":"post","link":"https:\/\/www.upper-rhine-ports.eu\/de\/eine-expertentreffen-zur-anpassungsplanung\/","title":{"rendered":"Eine Expertentreffen zur Anpassungsplanung"},"content":{"rendered":"\n<p>Am 8. Juli 2025 trafen sich die Partner des Projekts <strong>Interreg Oberrhein | Oberrhein CRANE<\/strong> im Mannheimer Hafen zu einem Workshop zum Thema Anpassung der Oberrheinh\u00e4fen an den Klimawandel gewidmet war.<\/p>\n\n<p>Vertreter der <strong>Hafengesellschaft Mannheim<\/strong>, des <strong>Rheinhafens Karlsruhe<\/strong> und der <strong>H\u00e4fen Rheinland-Pfalz<\/strong> haben auf der Grundlage einer Reihe zuvor ausgew\u00e4hlter Ma\u00dfnahmen spezifische <strong>Anpassungspfade<\/strong> f\u00fcr jeden einzelnen Hafen entwickelt.<\/p>\n\n<p>Ein <strong>interaktiver Workshop<\/strong>, der vom <strong>Cerema<\/strong> mit Unterst\u00fctzung des <strong>Fraunhofer IAIS<\/strong> geleitet wurde, erm\u00f6glichte es den Teilnehmern, sich eine robuste und praxisnahe Methodik zur Planung von Anpassungsma\u00dfnahmen in einem Kontext zunehmender Klimavertragbarkeit anzueignen.<\/p>\n\n<p>Dieser Tag markiert einen weiteren wichtigen Meilenstein bei der Erstellung von Anpassungspl\u00e4nen an den Klimawandel f\u00fcr die Oberrheinh\u00e4fen<\/p>\n\n<p><\/p>\n","protected":false},"excerpt":{"rendered":"<p>Am 8. Juli 2025 trafen sich die Partner des Projekts Interreg Oberrhein | Oberrhein CRANE im Mannheimer Hafen zu einem Workshop zum Thema Anpassung der Oberrheinh\u00e4fen an den Klimawandel gewidmet war. Vertreter der Hafengesellschaft Mannheim, des Rheinhafens Karlsruhe und der H\u00e4fen Rheinland-Pfalz haben auf der Grundlage einer Reihe zuvor ausgew\u00e4hlter Ma\u00dfnahmen spezifische Anpassungspfade f\u00fcr jeden [&hellip;]<\/p>\n","protected":false},"author":3,"featured_media":2549,"comment_status":"closed","ping_status":"closed","sticky":false,"template":"","format":"standard","meta":{"_acf_changed":false,"inline_featured_image":false,"_uag_custom_page_level_css":"","footnotes":""},"categories":[44],"tags":[],"post_folder":[],"class_list":["post-2564","post","type-post","status-publish","format-standard","has-post-thumbnail","hentry","category-unkategorisiert"],"acf":[],"mb":[],"yoast_head":"<!-- This site is optimized with the Yoast SEO plugin v27.3 - https:\/\/yoast.com\/product\/yoast-seo-wordpress\/ -->\n<title>Eine Expertentreffen zur Anpassungsplanung - Upper Rhine Ports<\/title>\n<meta name=\"robots\" content=\"index, follow, max-snippet:-1, max-image-preview:large, max-video-preview:-1\" \/>\n<link rel=\"canonical\" href=\"https:\/\/www.upper-rhine-ports.eu\/de\/eine-expertentreffen-zur-anpassungsplanung\/\" \/>\n<meta property=\"og:locale\" content=\"de_DE\" \/>\n<meta property=\"og:type\" content=\"article\" \/>\n<meta property=\"og:title\" content=\"Eine Expertentreffen zur Anpassungsplanung - Upper Rhine Ports\" \/>\n<meta property=\"og:description\" content=\"Am 8. Juli 2025 trafen sich die Partner des Projekts Interreg Oberrhein | Oberrhein CRANE im Mannheimer Hafen zu einem Workshop zum Thema Anpassung der Oberrheinh\u00e4fen an den Klimawandel gewidmet war. Vertreter der Hafengesellschaft Mannheim, des Rheinhafens Karlsruhe und der H\u00e4fen Rheinland-Pfalz haben auf der Grundlage einer Reihe zuvor ausgew\u00e4hlter Ma\u00dfnahmen spezifische Anpassungspfade f\u00fcr jeden [&hellip;]\" \/>\n<meta property=\"og:url\" content=\"https:\/\/www.upper-rhine-ports.eu\/de\/eine-expertentreffen-zur-anpassungsplanung\/\" \/>\n<meta property=\"og:site_name\" content=\"Upper Rhine Ports\" \/>\n<meta property=\"article:published_time\" content=\"2025-07-10T14:33:56+00:00\" \/>\n<meta property=\"article:modified_time\" content=\"2025-07-31T14:51:08+00:00\" \/>\n<meta property=\"og:image\" content=\"https:\/\/www.upper-rhine-ports.eu\/wp-content\/uploads\/2025\/07\/IMG_20250708_135828-scaled.jpg\" \/>\n\t<meta property=\"og:image:width\" content=\"2560\" \/>\n\t<meta property=\"og:image:height\" content=\"1928\" \/>\n\t<meta property=\"og:image:type\" content=\"image\/jpeg\" \/>\n<meta name=\"author\" content=\"Manfred Rausch\" \/>\n<meta name=\"twitter:card\" content=\"summary_large_image\" \/>\n<meta name=\"twitter:label1\" content=\"Verfasst von\" \/>\n\t<meta name=\"twitter:data1\" content=\"Manfred Rausch\" \/>\n\t<meta name=\"twitter:label2\" content=\"Gesch\u00e4tzte Lesezeit\" \/>\n\t<meta name=\"twitter:data2\" content=\"1\u00a0Minute\" \/>\n<script type=\"application\/ld+json\" class=\"yoast-schema-graph\">{\"@context\":\"https:\\\/\\\/schema.org\",\"@graph\":[{\"@type\":\"Article\",\"@id\":\"https:\\\/\\\/www.upper-rhine-ports.eu\\\/de\\\/eine-expertentreffen-zur-anpassungsplanung\\\/#article\",\"isPartOf\":{\"@id\":\"https:\\\/\\\/www.upper-rhine-ports.eu\\\/de\\\/eine-expertentreffen-zur-anpassungsplanung\\\/\"},\"author\":{\"name\":\"Manfred Rausch\",\"@id\":\"https:\\\/\\\/www.upper-rhine-ports.eu\\\/de\\\/#\\\/schema\\\/person\\\/7c577a031f4a667714c72948b0c9ab9c\"},\"headline\":\"Eine Expertentreffen zur Anpassungsplanung\",\"datePublished\":\"2025-07-10T14:33:56+00:00\",\"dateModified\":\"2025-07-31T14:51:08+00:00\",\"mainEntityOfPage\":{\"@id\":\"https:\\\/\\\/www.upper-rhine-ports.eu\\\/de\\\/eine-expertentreffen-zur-anpassungsplanung\\\/\"},\"wordCount\":121,\"publisher\":{\"@id\":\"https:\\\/\\\/www.upper-rhine-ports.eu\\\/de\\\/#organization\"},\"image\":{\"@id\":\"https:\\\/\\\/www.upper-rhine-ports.eu\\\/de\\\/eine-expertentreffen-zur-anpassungsplanung\\\/#primaryimage\"},\"thumbnailUrl\":\"https:\\\/\\\/www.upper-rhine-ports.eu\\\/wp-content\\\/uploads\\\/2025\\\/07\\\/IMG_20250708_135828-scaled.jpg\",\"articleSection\":[\"Unkategorisiert\"],\"inLanguage\":\"de\"},{\"@type\":\"WebPage\",\"@id\":\"https:\\\/\\\/www.upper-rhine-ports.eu\\\/de\\\/eine-expertentreffen-zur-anpassungsplanung\\\/\",\"url\":\"https:\\\/\\\/www.upper-rhine-ports.eu\\\/de\\\/eine-expertentreffen-zur-anpassungsplanung\\\/\",\"name\":\"Eine Expertentreffen zur Anpassungsplanung - Upper Rhine Ports\",\"isPartOf\":{\"@id\":\"https:\\\/\\\/www.upper-rhine-ports.eu\\\/de\\\/#website\"},\"primaryImageOfPage\":{\"@id\":\"https:\\\/\\\/www.upper-rhine-ports.eu\\\/de\\\/eine-expertentreffen-zur-anpassungsplanung\\\/#primaryimage\"},\"image\":{\"@id\":\"https:\\\/\\\/www.upper-rhine-ports.eu\\\/de\\\/eine-expertentreffen-zur-anpassungsplanung\\\/#primaryimage\"},\"thumbnailUrl\":\"https:\\\/\\\/www.upper-rhine-ports.eu\\\/wp-content\\\/uploads\\\/2025\\\/07\\\/IMG_20250708_135828-scaled.jpg\",\"datePublished\":\"2025-07-10T14:33:56+00:00\",\"dateModified\":\"2025-07-31T14:51:08+00:00\",\"breadcrumb\":{\"@id\":\"https:\\\/\\\/www.upper-rhine-ports.eu\\\/de\\\/eine-expertentreffen-zur-anpassungsplanung\\\/#breadcrumb\"},\"inLanguage\":\"de\",\"potentialAction\":[{\"@type\":\"ReadAction\",\"target\":[\"https:\\\/\\\/www.upper-rhine-ports.eu\\\/de\\\/eine-expertentreffen-zur-anpassungsplanung\\\/\"]}]},{\"@type\":\"ImageObject\",\"inLanguage\":\"de\",\"@id\":\"https:\\\/\\\/www.upper-rhine-ports.eu\\\/de\\\/eine-expertentreffen-zur-anpassungsplanung\\\/#primaryimage\",\"url\":\"https:\\\/\\\/www.upper-rhine-ports.eu\\\/wp-content\\\/uploads\\\/2025\\\/07\\\/IMG_20250708_135828-scaled.jpg\",\"contentUrl\":\"https:\\\/\\\/www.upper-rhine-ports.eu\\\/wp-content\\\/uploads\\\/2025\\\/07\\\/IMG_20250708_135828-scaled.jpg\",\"width\":2560,\"height\":1928},{\"@type\":\"BreadcrumbList\",\"@id\":\"https:\\\/\\\/www.upper-rhine-ports.eu\\\/de\\\/eine-expertentreffen-zur-anpassungsplanung\\\/#breadcrumb\",\"itemListElement\":[{\"@type\":\"ListItem\",\"position\":1,\"name\":\"Accueil\",\"item\":\"https:\\\/\\\/www.upper-rhine-ports.eu\\\/de\\\/\"},{\"@type\":\"ListItem\",\"position\":2,\"name\":\"Eine Expertentreffen zur Anpassungsplanung\"}]},{\"@type\":\"WebSite\",\"@id\":\"https:\\\/\\\/www.upper-rhine-ports.eu\\\/de\\\/#website\",\"url\":\"https:\\\/\\\/www.upper-rhine-ports.eu\\\/de\\\/\",\"name\":\"Upper Rhine Ports\",\"description\":\"\",\"publisher\":{\"@id\":\"https:\\\/\\\/www.upper-rhine-ports.eu\\\/de\\\/#organization\"},\"potentialAction\":[{\"@type\":\"SearchAction\",\"target\":{\"@type\":\"EntryPoint\",\"urlTemplate\":\"https:\\\/\\\/www.upper-rhine-ports.eu\\\/de\\\/?s={search_term_string}\"},\"query-input\":{\"@type\":\"PropertyValueSpecification\",\"valueRequired\":true,\"valueName\":\"search_term_string\"}}],\"inLanguage\":\"de\"},{\"@type\":\"Organization\",\"@id\":\"https:\\\/\\\/www.upper-rhine-ports.eu\\\/de\\\/#organization\",\"name\":\"Upper Rhine Ports\",\"url\":\"https:\\\/\\\/www.upper-rhine-ports.eu\\\/de\\\/\",\"logo\":{\"@type\":\"ImageObject\",\"inLanguage\":\"de\",\"@id\":\"https:\\\/\\\/www.upper-rhine-ports.eu\\\/de\\\/#\\\/schema\\\/logo\\\/image\\\/\",\"url\":\"https:\\\/\\\/www.upper-rhine-ports.eu\\\/wp-content\\\/uploads\\\/2025\\\/04\\\/URPlogo-1.png\",\"contentUrl\":\"https:\\\/\\\/www.upper-rhine-ports.eu\\\/wp-content\\\/uploads\\\/2025\\\/04\\\/URPlogo-1.png\",\"width\":300,\"height\":245,\"caption\":\"Upper Rhine Ports\"},\"image\":{\"@id\":\"https:\\\/\\\/www.upper-rhine-ports.eu\\\/de\\\/#\\\/schema\\\/logo\\\/image\\\/\"}},{\"@type\":\"Person\",\"@id\":\"https:\\\/\\\/www.upper-rhine-ports.eu\\\/de\\\/#\\\/schema\\\/person\\\/7c577a031f4a667714c72948b0c9ab9c\",\"name\":\"Manfred Rausch\"}]}<\/script>\n<!-- \/ Yoast SEO plugin. -->","yoast_head_json":{"title":"Eine Expertentreffen zur Anpassungsplanung - Upper Rhine Ports","robots":{"index":"index","follow":"follow","max-snippet":"max-snippet:-1","max-image-preview":"max-image-preview:large","max-video-preview":"max-video-preview:-1"},"canonical":"https:\/\/www.upper-rhine-ports.eu\/de\/eine-expertentreffen-zur-anpassungsplanung\/","og_locale":"de_DE","og_type":"article","og_title":"Eine Expertentreffen zur Anpassungsplanung - Upper Rhine Ports","og_description":"Am 8. Juli 2025 trafen sich die Partner des Projekts Interreg Oberrhein | Oberrhein CRANE im Mannheimer Hafen zu einem Workshop zum Thema Anpassung der Oberrheinh\u00e4fen an den Klimawandel gewidmet war. Vertreter der Hafengesellschaft Mannheim, des Rheinhafens Karlsruhe und der H\u00e4fen Rheinland-Pfalz haben auf der Grundlage einer Reihe zuvor ausgew\u00e4hlter Ma\u00dfnahmen spezifische Anpassungspfade f\u00fcr jeden [&hellip;]","og_url":"https:\/\/www.upper-rhine-ports.eu\/de\/eine-expertentreffen-zur-anpassungsplanung\/","og_site_name":"Upper Rhine Ports","article_published_time":"2025-07-10T14:33:56+00:00","article_modified_time":"2025-07-31T14:51:08+00:00","og_image":[{"width":2560,"height":1928,"url":"https:\/\/www.upper-rhine-ports.eu\/wp-content\/uploads\/2025\/07\/IMG_20250708_135828-scaled.jpg","type":"image\/jpeg"}],"author":"Manfred Rausch","twitter_card":"summary_large_image","twitter_misc":{"Verfasst von":"Manfred Rausch","Gesch\u00e4tzte Lesezeit":"1\u00a0Minute"},"schema":{"@context":"https:\/\/schema.org","@graph":[{"@type":"Article","@id":"https:\/\/www.upper-rhine-ports.eu\/de\/eine-expertentreffen-zur-anpassungsplanung\/#article","isPartOf":{"@id":"https:\/\/www.upper-rhine-ports.eu\/de\/eine-expertentreffen-zur-anpassungsplanung\/"},"author":{"name":"Manfred Rausch","@id":"https:\/\/www.upper-rhine-ports.eu\/de\/#\/schema\/person\/7c577a031f4a667714c72948b0c9ab9c"},"headline":"Eine Expertentreffen zur Anpassungsplanung","datePublished":"2025-07-10T14:33:56+00:00","dateModified":"2025-07-31T14:51:08+00:00","mainEntityOfPage":{"@id":"https:\/\/www.upper-rhine-ports.eu\/de\/eine-expertentreffen-zur-anpassungsplanung\/"},"wordCount":121,"publisher":{"@id":"https:\/\/www.upper-rhine-ports.eu\/de\/#organization"},"image":{"@id":"https:\/\/www.upper-rhine-ports.eu\/de\/eine-expertentreffen-zur-anpassungsplanung\/#primaryimage"},"thumbnailUrl":"https:\/\/www.upper-rhine-ports.eu\/wp-content\/uploads\/2025\/07\/IMG_20250708_135828-scaled.jpg","articleSection":["Unkategorisiert"],"inLanguage":"de"},{"@type":"WebPage","@id":"https:\/\/www.upper-rhine-ports.eu\/de\/eine-expertentreffen-zur-anpassungsplanung\/","url":"https:\/\/www.upper-rhine-ports.eu\/de\/eine-expertentreffen-zur-anpassungsplanung\/","name":"Eine Expertentreffen zur Anpassungsplanung - Upper Rhine Ports","isPartOf":{"@id":"https:\/\/www.upper-rhine-ports.eu\/de\/#website"},"primaryImageOfPage":{"@id":"https:\/\/www.upper-rhine-ports.eu\/de\/eine-expertentreffen-zur-anpassungsplanung\/#primaryimage"},"image":{"@id":"https:\/\/www.upper-rhine-ports.eu\/de\/eine-expertentreffen-zur-anpassungsplanung\/#primaryimage"},"thumbnailUrl":"https:\/\/www.upper-rhine-ports.eu\/wp-content\/uploads\/2025\/07\/IMG_20250708_135828-scaled.jpg","datePublished":"2025-07-10T14:33:56+00:00","dateModified":"2025-07-31T14:51:08+00:00","breadcrumb":{"@id":"https:\/\/www.upper-rhine-ports.eu\/de\/eine-expertentreffen-zur-anpassungsplanung\/#breadcrumb"},"inLanguage":"de","potentialAction":[{"@type":"ReadAction","target":["https:\/\/www.upper-rhine-ports.eu\/de\/eine-expertentreffen-zur-anpassungsplanung\/"]}]},{"@type":"ImageObject","inLanguage":"de","@id":"https:\/\/www.upper-rhine-ports.eu\/de\/eine-expertentreffen-zur-anpassungsplanung\/#primaryimage","url":"https:\/\/www.upper-rhine-ports.eu\/wp-content\/uploads\/2025\/07\/IMG_20250708_135828-scaled.jpg","contentUrl":"https:\/\/www.upper-rhine-ports.eu\/wp-content\/uploads\/2025\/07\/IMG_20250708_135828-scaled.jpg","width":2560,"height":1928},{"@type":"BreadcrumbList","@id":"https:\/\/www.upper-rhine-ports.eu\/de\/eine-expertentreffen-zur-anpassungsplanung\/#breadcrumb","itemListElement":[{"@type":"ListItem","position":1,"name":"Accueil","item":"https:\/\/www.upper-rhine-ports.eu\/de\/"},{"@type":"ListItem","position":2,"name":"Eine Expertentreffen zur Anpassungsplanung"}]},{"@type":"WebSite","@id":"https:\/\/www.upper-rhine-ports.eu\/de\/#website","url":"https:\/\/www.upper-rhine-ports.eu\/de\/","name":"Upper Rhine Ports","description":"","publisher":{"@id":"https:\/\/www.upper-rhine-ports.eu\/de\/#organization"},"potentialAction":[{"@type":"SearchAction","target":{"@type":"EntryPoint","urlTemplate":"https:\/\/www.upper-rhine-ports.eu\/de\/?s={search_term_string}"},"query-input":{"@type":"PropertyValueSpecification","valueRequired":true,"valueName":"search_term_string"}}],"inLanguage":"de"},{"@type":"Organization","@id":"https:\/\/www.upper-rhine-ports.eu\/de\/#organization","name":"Upper Rhine Ports","url":"https:\/\/www.upper-rhine-ports.eu\/de\/","logo":{"@type":"ImageObject","inLanguage":"de","@id":"https:\/\/www.upper-rhine-ports.eu\/de\/#\/schema\/logo\/image\/","url":"https:\/\/www.upper-rhine-ports.eu\/wp-content\/uploads\/2025\/04\/URPlogo-1.png","contentUrl":"https:\/\/www.upper-rhine-ports.eu\/wp-content\/uploads\/2025\/04\/URPlogo-1.png","width":300,"height":245,"caption":"Upper Rhine Ports"},"image":{"@id":"https:\/\/www.upper-rhine-ports.eu\/de\/#\/schema\/logo\/image\/"}},{"@type":"Person","@id":"https:\/\/www.upper-rhine-ports.eu\/de\/#\/schema\/person\/7c577a031f4a667714c72948b0c9ab9c","name":"Manfred Rausch"}]}},"uagb_featured_image_src":{"full":["https:\/\/www.upper-rhine-ports.eu\/wp-content\/uploads\/2025\/07\/IMG_20250708_135828-scaled.jpg",2560,1928,false],"thumbnail":["https:\/\/www.upper-rhine-ports.eu\/wp-content\/uploads\/2025\/07\/IMG_20250708_135828-150x150.jpg",150,150,true],"medium":["https:\/\/www.upper-rhine-ports.eu\/wp-content\/uploads\/2025\/07\/IMG_20250708_135828-300x226.jpg",300,226,true],"medium_large":["https:\/\/www.upper-rhine-ports.eu\/wp-content\/uploads\/2025\/07\/IMG_20250708_135828-768x578.jpg",768,578,true],"large":["https:\/\/www.upper-rhine-ports.eu\/wp-content\/uploads\/2025\/07\/IMG_20250708_135828-1024x771.jpg",1024,771,true],"1536x1536":["https:\/\/www.upper-rhine-ports.eu\/wp-content\/uploads\/2025\/07\/IMG_20250708_135828-1536x1157.jpg",1536,1157,true],"2048x2048":["https:\/\/www.upper-rhine-ports.eu\/wp-content\/uploads\/2025\/07\/IMG_20250708_135828-2048x1542.jpg",2048,1542,true],"wp_grid_builder_size_1":["https:\/\/www.upper-rhine-ports.eu\/wp-content\/uploads\/2025\/07\/IMG_20250708_135828-360x210.jpg",360,210,true]},"uagb_author_info":{"display_name":"Manfred Rausch","author_link":"https:\/\/www.upper-rhine-ports.eu\/de\/author\/manfred\/"},"uagb_comment_info":0,"uagb_excerpt":"Am 8. Juli 2025 trafen sich die Partner des Projekts Interreg Oberrhein | Oberrhein CRANE im Mannheimer Hafen zu einem Workshop zum Thema Anpassung der Oberrheinh\u00e4fen an den Klimawandel gewidmet war. Vertreter der Hafengesellschaft Mannheim, des Rheinhafens Karlsruhe und der H\u00e4fen Rheinland-Pfalz haben auf der Grundlage einer Reihe zuvor ausgew\u00e4hlter Ma\u00dfnahmen spezifische Anpassungspfade f\u00fcr jeden&hellip;","mfb_rest_fields":["title","yoast_head","yoast_head_json","uagb_featured_image_src","uagb_author_info","uagb_comment_info","uagb_excerpt"],"_links":{"self":[{"href":"https:\/\/www.upper-rhine-ports.eu\/de\/wp-json\/wp\/v2\/posts\/2564","targetHints":{"allow":["GET"]}}],"collection":[{"href":"https:\/\/www.upper-rhine-ports.eu\/de\/wp-json\/wp\/v2\/posts"}],"about":[{"href":"https:\/\/www.upper-rhine-ports.eu\/de\/wp-json\/wp\/v2\/types\/post"}],"author":[{"embeddable":true,"href":"https:\/\/www.upper-rhine-ports.eu\/de\/wp-json\/wp\/v2\/users\/3"}],"replies":[{"embeddable":true,"href":"https:\/\/www.upper-rhine-ports.eu\/de\/wp-json\/wp\/v2\/comments?post=2564"}],"version-history":[{"count":3,"href":"https:\/\/www.upper-rhine-ports.eu\/de\/wp-json\/wp\/v2\/posts\/2564\/revisions"}],"predecessor-version":[{"id":2570,"href":"https:\/\/www.upper-rhine-ports.eu\/de\/wp-json\/wp\/v2\/posts\/2564\/revisions\/2570"}],"wp:featuredmedia":[{"embeddable":true,"href":"https:\/\/www.upper-rhine-ports.eu\/de\/wp-json\/wp\/v2\/media\/2549"}],"wp:attachment":[{"href":"https:\/\/www.upper-rhine-ports.eu\/de\/wp-json\/wp\/v2\/media?parent=2564"}],"wp:term":[{"taxonomy":"category","embeddable":true,"href":"https:\/\/www.upper-rhine-ports.eu\/de\/wp-json\/wp\/v2\/categories?post=2564"},{"taxonomy":"post_tag","embeddable":true,"href":"https:\/\/www.upper-rhine-ports.eu\/de\/wp-json\/wp\/v2\/tags?post=2564"},{"taxonomy":"post_folder","embeddable":true,"href":"https:\/\/www.upper-rhine-ports.eu\/de\/wp-json\/wp\/v2\/post_folder?post=2564"}],"curies":[{"name":"wp","href":"https:\/\/api.w.org\/{rel}","templated":true}]}}