{"id":2447,"date":"2024-11-22T10:29:25","date_gmt":"2024-11-22T09:29:25","guid":{"rendered":"https:\/\/urp.lacouleurduzebre.com\/2024\/11\/22\/vortrag-klimarisiken-fuer-gebaeude-mit-bertrand-chauvet\/"},"modified":"2025-04-04T08:53:57","modified_gmt":"2025-04-04T06:53:57","slug":"vortrag-klimarisiken-fuer-gebaeude-mit-bertrand-chauvet","status":"publish","type":"post","link":"https:\/\/www.upper-rhine-ports.eu\/de\/vortrag-klimarisiken-fuer-gebaeude-mit-bertrand-chauvet\/","title":{"rendered":"Vortrag: Klimarisiken f\u00fcr Geb\u00e4ude mit Bertrand Chauvet"},"content":{"rendered":"\n<p>Am Freitag, den 22. November, fand die Online-Konferenz zum Thema \u201eKlimarisiken f\u00fcr Geb\u00e4ude\u201c statt. Bertrand Chauvet, Regionalbeauftragter der Agence Qualit\u00e9 Construction, pr\u00e4sentierte einen \u00dcberblick \u00fcber die Auswirkungen des Klimawandels auf gewerbliche und private Immobilien.<\/p>\n\n<p>In seinem Vortrag beleuchtete Herr Chauvet konkrete Klimarisiken wie extreme Wetterereignisse, steigende Temperaturen und deren Einfluss auf die Geb\u00e4udestruktur. Am Beispiel von L\u00f6sungen, die in \u00dcbersee entwickelt wurden, stellte er Ma\u00dfnahmen vor, die Eigent\u00fcmer und Betreiber von Geb\u00e4uden ergreifen k\u00f6nnen, um Risiken zu minimieren und die Widerstandsf\u00e4higkeit ihrer Immobilien zu erh\u00f6hen.<\/p>\n\n<p><\/p>\n","protected":false},"excerpt":{"rendered":"<p>Am Freitag, den 22. November, fand die Online-Konferenz zum Thema \u201eKlimarisiken f\u00fcr Geb\u00e4ude\u201c statt. Bertrand Chauvet, Regionalbeauftragter der Agence Qualit\u00e9 Construction, pr\u00e4sentierte einen \u00dcberblick \u00fcber die Auswirkungen des Klimawandels auf gewerbliche und private Immobilien. In seinem Vortrag beleuchtete Herr Chauvet konkrete Klimarisiken wie extreme Wetterereignisse, steigende Temperaturen und deren Einfluss auf die Geb\u00e4udestruktur. Am Beispiel [&hellip;]<\/p>\n","protected":false},"author":3,"featured_media":1883,"comment_status":"closed","ping_status":"open","sticky":false,"template":"","format":"standard","meta":{"_acf_changed":false,"inline_featured_image":false,"_uag_custom_page_level_css":"","footnotes":""},"categories":[44],"tags":[],"post_folder":[],"class_list":["post-2447","post","type-post","status-publish","format-standard","has-post-thumbnail","hentry","category-unkategorisiert"],"acf":[],"mb":[],"yoast_head":"<!-- This site is optimized with the Yoast SEO plugin v27.3 - https:\/\/yoast.com\/product\/yoast-seo-wordpress\/ -->\n<title>Vortrag: Klimarisiken f\u00fcr Geb\u00e4ude mit Bertrand Chauvet - Upper Rhine Ports<\/title>\n<meta name=\"robots\" content=\"index, follow, max-snippet:-1, max-image-preview:large, max-video-preview:-1\" \/>\n<link rel=\"canonical\" href=\"https:\/\/www.upper-rhine-ports.eu\/de\/vortrag-klimarisiken-fuer-gebaeude-mit-bertrand-chauvet\/\" \/>\n<meta property=\"og:locale\" content=\"de_DE\" \/>\n<meta property=\"og:type\" content=\"article\" \/>\n<meta property=\"og:title\" content=\"Vortrag: Klimarisiken f\u00fcr Geb\u00e4ude mit Bertrand Chauvet - Upper Rhine Ports\" \/>\n<meta property=\"og:description\" content=\"Am Freitag, den 22. November, fand die Online-Konferenz zum Thema \u201eKlimarisiken f\u00fcr Geb\u00e4ude\u201c statt. Bertrand Chauvet, Regionalbeauftragter der Agence Qualit\u00e9 Construction, pr\u00e4sentierte einen \u00dcberblick \u00fcber die Auswirkungen des Klimawandels auf gewerbliche und private Immobilien. In seinem Vortrag beleuchtete Herr Chauvet konkrete Klimarisiken wie extreme Wetterereignisse, steigende Temperaturen und deren Einfluss auf die Geb\u00e4udestruktur. Am Beispiel [&hellip;]\" \/>\n<meta property=\"og:url\" content=\"https:\/\/www.upper-rhine-ports.eu\/de\/vortrag-klimarisiken-fuer-gebaeude-mit-bertrand-chauvet\/\" \/>\n<meta property=\"og:site_name\" content=\"Upper Rhine Ports\" \/>\n<meta property=\"article:published_time\" content=\"2024-11-22T09:29:25+00:00\" \/>\n<meta property=\"article:modified_time\" content=\"2025-04-04T06:53:57+00:00\" \/>\n<meta property=\"og:image\" content=\"https:\/\/www.upper-rhine-ports.eu\/wp-content\/uploads\/2024\/12\/presentation-AQC.png\" \/>\n\t<meta property=\"og:image:width\" content=\"1734\" \/>\n\t<meta property=\"og:image:height\" content=\"888\" \/>\n\t<meta property=\"og:image:type\" content=\"image\/png\" \/>\n<meta name=\"author\" content=\"Manfred Rausch\" \/>\n<meta name=\"twitter:card\" content=\"summary_large_image\" \/>\n<meta name=\"twitter:label1\" content=\"Verfasst von\" \/>\n\t<meta name=\"twitter:data1\" content=\"Manfred Rausch\" \/>\n<script type=\"application\/ld+json\" class=\"yoast-schema-graph\">{\"@context\":\"https:\\\/\\\/schema.org\",\"@graph\":[{\"@type\":\"Article\",\"@id\":\"https:\\\/\\\/www.upper-rhine-ports.eu\\\/de\\\/vortrag-klimarisiken-fuer-gebaeude-mit-bertrand-chauvet\\\/#article\",\"isPartOf\":{\"@id\":\"https:\\\/\\\/www.upper-rhine-ports.eu\\\/de\\\/vortrag-klimarisiken-fuer-gebaeude-mit-bertrand-chauvet\\\/\"},\"author\":{\"name\":\"Manfred Rausch\",\"@id\":\"https:\\\/\\\/www.upper-rhine-ports.eu\\\/de\\\/#\\\/schema\\\/person\\\/7c577a031f4a667714c72948b0c9ab9c\"},\"headline\":\"Vortrag: Klimarisiken f\u00fcr Geb\u00e4ude mit Bertrand Chauvet\",\"datePublished\":\"2024-11-22T09:29:25+00:00\",\"dateModified\":\"2025-04-04T06:53:57+00:00\",\"mainEntityOfPage\":{\"@id\":\"https:\\\/\\\/www.upper-rhine-ports.eu\\\/de\\\/vortrag-klimarisiken-fuer-gebaeude-mit-bertrand-chauvet\\\/\"},\"wordCount\":104,\"publisher\":{\"@id\":\"https:\\\/\\\/www.upper-rhine-ports.eu\\\/de\\\/#organization\"},\"image\":{\"@id\":\"https:\\\/\\\/www.upper-rhine-ports.eu\\\/de\\\/vortrag-klimarisiken-fuer-gebaeude-mit-bertrand-chauvet\\\/#primaryimage\"},\"thumbnailUrl\":\"https:\\\/\\\/www.upper-rhine-ports.eu\\\/wp-content\\\/uploads\\\/2024\\\/12\\\/presentation-AQC.png\",\"articleSection\":[\"Unkategorisiert\"],\"inLanguage\":\"de\"},{\"@type\":\"WebPage\",\"@id\":\"https:\\\/\\\/www.upper-rhine-ports.eu\\\/de\\\/vortrag-klimarisiken-fuer-gebaeude-mit-bertrand-chauvet\\\/\",\"url\":\"https:\\\/\\\/www.upper-rhine-ports.eu\\\/de\\\/vortrag-klimarisiken-fuer-gebaeude-mit-bertrand-chauvet\\\/\",\"name\":\"Vortrag: Klimarisiken f\u00fcr Geb\u00e4ude mit Bertrand Chauvet - Upper Rhine Ports\",\"isPartOf\":{\"@id\":\"https:\\\/\\\/www.upper-rhine-ports.eu\\\/de\\\/#website\"},\"primaryImageOfPage\":{\"@id\":\"https:\\\/\\\/www.upper-rhine-ports.eu\\\/de\\\/vortrag-klimarisiken-fuer-gebaeude-mit-bertrand-chauvet\\\/#primaryimage\"},\"image\":{\"@id\":\"https:\\\/\\\/www.upper-rhine-ports.eu\\\/de\\\/vortrag-klimarisiken-fuer-gebaeude-mit-bertrand-chauvet\\\/#primaryimage\"},\"thumbnailUrl\":\"https:\\\/\\\/www.upper-rhine-ports.eu\\\/wp-content\\\/uploads\\\/2024\\\/12\\\/presentation-AQC.png\",\"datePublished\":\"2024-11-22T09:29:25+00:00\",\"dateModified\":\"2025-04-04T06:53:57+00:00\",\"breadcrumb\":{\"@id\":\"https:\\\/\\\/www.upper-rhine-ports.eu\\\/de\\\/vortrag-klimarisiken-fuer-gebaeude-mit-bertrand-chauvet\\\/#breadcrumb\"},\"inLanguage\":\"de\",\"potentialAction\":[{\"@type\":\"ReadAction\",\"target\":[\"https:\\\/\\\/www.upper-rhine-ports.eu\\\/de\\\/vortrag-klimarisiken-fuer-gebaeude-mit-bertrand-chauvet\\\/\"]}]},{\"@type\":\"ImageObject\",\"inLanguage\":\"de\",\"@id\":\"https:\\\/\\\/www.upper-rhine-ports.eu\\\/de\\\/vortrag-klimarisiken-fuer-gebaeude-mit-bertrand-chauvet\\\/#primaryimage\",\"url\":\"https:\\\/\\\/www.upper-rhine-ports.eu\\\/wp-content\\\/uploads\\\/2024\\\/12\\\/presentation-AQC.png\",\"contentUrl\":\"https:\\\/\\\/www.upper-rhine-ports.eu\\\/wp-content\\\/uploads\\\/2024\\\/12\\\/presentation-AQC.png\",\"width\":1734,\"height\":888},{\"@type\":\"BreadcrumbList\",\"@id\":\"https:\\\/\\\/www.upper-rhine-ports.eu\\\/de\\\/vortrag-klimarisiken-fuer-gebaeude-mit-bertrand-chauvet\\\/#breadcrumb\",\"itemListElement\":[{\"@type\":\"ListItem\",\"position\":1,\"name\":\"Accueil\",\"item\":\"https:\\\/\\\/www.upper-rhine-ports.eu\\\/de\\\/\"},{\"@type\":\"ListItem\",\"position\":2,\"name\":\"Vortrag: Klimarisiken f\u00fcr Geb\u00e4ude mit Bertrand Chauvet\"}]},{\"@type\":\"WebSite\",\"@id\":\"https:\\\/\\\/www.upper-rhine-ports.eu\\\/de\\\/#website\",\"url\":\"https:\\\/\\\/www.upper-rhine-ports.eu\\\/de\\\/\",\"name\":\"Upper Rhine Ports\",\"description\":\"\",\"publisher\":{\"@id\":\"https:\\\/\\\/www.upper-rhine-ports.eu\\\/de\\\/#organization\"},\"potentialAction\":[{\"@type\":\"SearchAction\",\"target\":{\"@type\":\"EntryPoint\",\"urlTemplate\":\"https:\\\/\\\/www.upper-rhine-ports.eu\\\/de\\\/?s={search_term_string}\"},\"query-input\":{\"@type\":\"PropertyValueSpecification\",\"valueRequired\":true,\"valueName\":\"search_term_string\"}}],\"inLanguage\":\"de\"},{\"@type\":\"Organization\",\"@id\":\"https:\\\/\\\/www.upper-rhine-ports.eu\\\/de\\\/#organization\",\"name\":\"Upper Rhine Ports\",\"url\":\"https:\\\/\\\/www.upper-rhine-ports.eu\\\/de\\\/\",\"logo\":{\"@type\":\"ImageObject\",\"inLanguage\":\"de\",\"@id\":\"https:\\\/\\\/www.upper-rhine-ports.eu\\\/de\\\/#\\\/schema\\\/logo\\\/image\\\/\",\"url\":\"https:\\\/\\\/www.upper-rhine-ports.eu\\\/wp-content\\\/uploads\\\/2025\\\/04\\\/URPlogo-1.png\",\"contentUrl\":\"https:\\\/\\\/www.upper-rhine-ports.eu\\\/wp-content\\\/uploads\\\/2025\\\/04\\\/URPlogo-1.png\",\"width\":300,\"height\":245,\"caption\":\"Upper Rhine Ports\"},\"image\":{\"@id\":\"https:\\\/\\\/www.upper-rhine-ports.eu\\\/de\\\/#\\\/schema\\\/logo\\\/image\\\/\"}},{\"@type\":\"Person\",\"@id\":\"https:\\\/\\\/www.upper-rhine-ports.eu\\\/de\\\/#\\\/schema\\\/person\\\/7c577a031f4a667714c72948b0c9ab9c\",\"name\":\"Manfred Rausch\"}]}<\/script>\n<!-- \/ Yoast SEO plugin. -->","yoast_head_json":{"title":"Vortrag: Klimarisiken f\u00fcr Geb\u00e4ude mit Bertrand Chauvet - Upper Rhine Ports","robots":{"index":"index","follow":"follow","max-snippet":"max-snippet:-1","max-image-preview":"max-image-preview:large","max-video-preview":"max-video-preview:-1"},"canonical":"https:\/\/www.upper-rhine-ports.eu\/de\/vortrag-klimarisiken-fuer-gebaeude-mit-bertrand-chauvet\/","og_locale":"de_DE","og_type":"article","og_title":"Vortrag: Klimarisiken f\u00fcr Geb\u00e4ude mit Bertrand Chauvet - Upper Rhine Ports","og_description":"Am Freitag, den 22. November, fand die Online-Konferenz zum Thema \u201eKlimarisiken f\u00fcr Geb\u00e4ude\u201c statt. Bertrand Chauvet, Regionalbeauftragter der Agence Qualit\u00e9 Construction, pr\u00e4sentierte einen \u00dcberblick \u00fcber die Auswirkungen des Klimawandels auf gewerbliche und private Immobilien. In seinem Vortrag beleuchtete Herr Chauvet konkrete Klimarisiken wie extreme Wetterereignisse, steigende Temperaturen und deren Einfluss auf die Geb\u00e4udestruktur. Am Beispiel [&hellip;]","og_url":"https:\/\/www.upper-rhine-ports.eu\/de\/vortrag-klimarisiken-fuer-gebaeude-mit-bertrand-chauvet\/","og_site_name":"Upper Rhine Ports","article_published_time":"2024-11-22T09:29:25+00:00","article_modified_time":"2025-04-04T06:53:57+00:00","og_image":[{"width":1734,"height":888,"url":"https:\/\/www.upper-rhine-ports.eu\/wp-content\/uploads\/2024\/12\/presentation-AQC.png","type":"image\/png"}],"author":"Manfred Rausch","twitter_card":"summary_large_image","twitter_misc":{"Verfasst von":"Manfred Rausch"},"schema":{"@context":"https:\/\/schema.org","@graph":[{"@type":"Article","@id":"https:\/\/www.upper-rhine-ports.eu\/de\/vortrag-klimarisiken-fuer-gebaeude-mit-bertrand-chauvet\/#article","isPartOf":{"@id":"https:\/\/www.upper-rhine-ports.eu\/de\/vortrag-klimarisiken-fuer-gebaeude-mit-bertrand-chauvet\/"},"author":{"name":"Manfred Rausch","@id":"https:\/\/www.upper-rhine-ports.eu\/de\/#\/schema\/person\/7c577a031f4a667714c72948b0c9ab9c"},"headline":"Vortrag: Klimarisiken f\u00fcr Geb\u00e4ude mit Bertrand Chauvet","datePublished":"2024-11-22T09:29:25+00:00","dateModified":"2025-04-04T06:53:57+00:00","mainEntityOfPage":{"@id":"https:\/\/www.upper-rhine-ports.eu\/de\/vortrag-klimarisiken-fuer-gebaeude-mit-bertrand-chauvet\/"},"wordCount":104,"publisher":{"@id":"https:\/\/www.upper-rhine-ports.eu\/de\/#organization"},"image":{"@id":"https:\/\/www.upper-rhine-ports.eu\/de\/vortrag-klimarisiken-fuer-gebaeude-mit-bertrand-chauvet\/#primaryimage"},"thumbnailUrl":"https:\/\/www.upper-rhine-ports.eu\/wp-content\/uploads\/2024\/12\/presentation-AQC.png","articleSection":["Unkategorisiert"],"inLanguage":"de"},{"@type":"WebPage","@id":"https:\/\/www.upper-rhine-ports.eu\/de\/vortrag-klimarisiken-fuer-gebaeude-mit-bertrand-chauvet\/","url":"https:\/\/www.upper-rhine-ports.eu\/de\/vortrag-klimarisiken-fuer-gebaeude-mit-bertrand-chauvet\/","name":"Vortrag: Klimarisiken f\u00fcr Geb\u00e4ude mit Bertrand Chauvet - Upper Rhine Ports","isPartOf":{"@id":"https:\/\/www.upper-rhine-ports.eu\/de\/#website"},"primaryImageOfPage":{"@id":"https:\/\/www.upper-rhine-ports.eu\/de\/vortrag-klimarisiken-fuer-gebaeude-mit-bertrand-chauvet\/#primaryimage"},"image":{"@id":"https:\/\/www.upper-rhine-ports.eu\/de\/vortrag-klimarisiken-fuer-gebaeude-mit-bertrand-chauvet\/#primaryimage"},"thumbnailUrl":"https:\/\/www.upper-rhine-ports.eu\/wp-content\/uploads\/2024\/12\/presentation-AQC.png","datePublished":"2024-11-22T09:29:25+00:00","dateModified":"2025-04-04T06:53:57+00:00","breadcrumb":{"@id":"https:\/\/www.upper-rhine-ports.eu\/de\/vortrag-klimarisiken-fuer-gebaeude-mit-bertrand-chauvet\/#breadcrumb"},"inLanguage":"de","potentialAction":[{"@type":"ReadAction","target":["https:\/\/www.upper-rhine-ports.eu\/de\/vortrag-klimarisiken-fuer-gebaeude-mit-bertrand-chauvet\/"]}]},{"@type":"ImageObject","inLanguage":"de","@id":"https:\/\/www.upper-rhine-ports.eu\/de\/vortrag-klimarisiken-fuer-gebaeude-mit-bertrand-chauvet\/#primaryimage","url":"https:\/\/www.upper-rhine-ports.eu\/wp-content\/uploads\/2024\/12\/presentation-AQC.png","contentUrl":"https:\/\/www.upper-rhine-ports.eu\/wp-content\/uploads\/2024\/12\/presentation-AQC.png","width":1734,"height":888},{"@type":"BreadcrumbList","@id":"https:\/\/www.upper-rhine-ports.eu\/de\/vortrag-klimarisiken-fuer-gebaeude-mit-bertrand-chauvet\/#breadcrumb","itemListElement":[{"@type":"ListItem","position":1,"name":"Accueil","item":"https:\/\/www.upper-rhine-ports.eu\/de\/"},{"@type":"ListItem","position":2,"name":"Vortrag: Klimarisiken f\u00fcr Geb\u00e4ude mit Bertrand Chauvet"}]},{"@type":"WebSite","@id":"https:\/\/www.upper-rhine-ports.eu\/de\/#website","url":"https:\/\/www.upper-rhine-ports.eu\/de\/","name":"Upper Rhine Ports","description":"","publisher":{"@id":"https:\/\/www.upper-rhine-ports.eu\/de\/#organization"},"potentialAction":[{"@type":"SearchAction","target":{"@type":"EntryPoint","urlTemplate":"https:\/\/www.upper-rhine-ports.eu\/de\/?s={search_term_string}"},"query-input":{"@type":"PropertyValueSpecification","valueRequired":true,"valueName":"search_term_string"}}],"inLanguage":"de"},{"@type":"Organization","@id":"https:\/\/www.upper-rhine-ports.eu\/de\/#organization","name":"Upper Rhine Ports","url":"https:\/\/www.upper-rhine-ports.eu\/de\/","logo":{"@type":"ImageObject","inLanguage":"de","@id":"https:\/\/www.upper-rhine-ports.eu\/de\/#\/schema\/logo\/image\/","url":"https:\/\/www.upper-rhine-ports.eu\/wp-content\/uploads\/2025\/04\/URPlogo-1.png","contentUrl":"https:\/\/www.upper-rhine-ports.eu\/wp-content\/uploads\/2025\/04\/URPlogo-1.png","width":300,"height":245,"caption":"Upper Rhine Ports"},"image":{"@id":"https:\/\/www.upper-rhine-ports.eu\/de\/#\/schema\/logo\/image\/"}},{"@type":"Person","@id":"https:\/\/www.upper-rhine-ports.eu\/de\/#\/schema\/person\/7c577a031f4a667714c72948b0c9ab9c","name":"Manfred Rausch"}]}},"uagb_featured_image_src":{"full":["https:\/\/www.upper-rhine-ports.eu\/wp-content\/uploads\/2024\/12\/presentation-AQC.png",1734,888,false],"thumbnail":["https:\/\/www.upper-rhine-ports.eu\/wp-content\/uploads\/2024\/12\/presentation-AQC-150x150.png",150,150,true],"medium":["https:\/\/www.upper-rhine-ports.eu\/wp-content\/uploads\/2024\/12\/presentation-AQC-300x154.png",300,154,true],"medium_large":["https:\/\/www.upper-rhine-ports.eu\/wp-content\/uploads\/2024\/12\/presentation-AQC-768x393.png",768,393,true],"large":["https:\/\/www.upper-rhine-ports.eu\/wp-content\/uploads\/2024\/12\/presentation-AQC-1024x524.png",1024,524,true],"1536x1536":["https:\/\/www.upper-rhine-ports.eu\/wp-content\/uploads\/2024\/12\/presentation-AQC-1536x787.png",1536,787,true],"2048x2048":["https:\/\/www.upper-rhine-ports.eu\/wp-content\/uploads\/2024\/12\/presentation-AQC.png",1734,888,false],"wp_grid_builder_size_1":["https:\/\/www.upper-rhine-ports.eu\/wp-content\/uploads\/2024\/12\/presentation-AQC-360x210.png",360,210,true]},"uagb_author_info":{"display_name":"Manfred Rausch","author_link":"https:\/\/www.upper-rhine-ports.eu\/de\/author\/manfred\/"},"uagb_comment_info":0,"uagb_excerpt":"Am Freitag, den 22. November, fand die Online-Konferenz zum Thema \u201eKlimarisiken f\u00fcr Geb\u00e4ude\u201c statt. Bertrand Chauvet, Regionalbeauftragter der Agence Qualit\u00e9 Construction, pr\u00e4sentierte einen \u00dcberblick \u00fcber die Auswirkungen des Klimawandels auf gewerbliche und private Immobilien. In seinem Vortrag beleuchtete Herr Chauvet konkrete Klimarisiken wie extreme Wetterereignisse, steigende Temperaturen und deren Einfluss auf die Geb\u00e4udestruktur. Am Beispiel&hellip;","mfb_rest_fields":["title","yoast_head","yoast_head_json","uagb_featured_image_src","uagb_author_info","uagb_comment_info","uagb_excerpt"],"_links":{"self":[{"href":"https:\/\/www.upper-rhine-ports.eu\/de\/wp-json\/wp\/v2\/posts\/2447","targetHints":{"allow":["GET"]}}],"collection":[{"href":"https:\/\/www.upper-rhine-ports.eu\/de\/wp-json\/wp\/v2\/posts"}],"about":[{"href":"https:\/\/www.upper-rhine-ports.eu\/de\/wp-json\/wp\/v2\/types\/post"}],"author":[{"embeddable":true,"href":"https:\/\/www.upper-rhine-ports.eu\/de\/wp-json\/wp\/v2\/users\/3"}],"replies":[{"embeddable":true,"href":"https:\/\/www.upper-rhine-ports.eu\/de\/wp-json\/wp\/v2\/comments?post=2447"}],"version-history":[{"count":1,"href":"https:\/\/www.upper-rhine-ports.eu\/de\/wp-json\/wp\/v2\/posts\/2447\/revisions"}],"predecessor-version":[{"id":2448,"href":"https:\/\/www.upper-rhine-ports.eu\/de\/wp-json\/wp\/v2\/posts\/2447\/revisions\/2448"}],"wp:featuredmedia":[{"embeddable":true,"href":"https:\/\/www.upper-rhine-ports.eu\/de\/wp-json\/wp\/v2\/media\/1883"}],"wp:attachment":[{"href":"https:\/\/www.upper-rhine-ports.eu\/de\/wp-json\/wp\/v2\/media?parent=2447"}],"wp:term":[{"taxonomy":"category","embeddable":true,"href":"https:\/\/www.upper-rhine-ports.eu\/de\/wp-json\/wp\/v2\/categories?post=2447"},{"taxonomy":"post_tag","embeddable":true,"href":"https:\/\/www.upper-rhine-ports.eu\/de\/wp-json\/wp\/v2\/tags?post=2447"},{"taxonomy":"post_folder","embeddable":true,"href":"https:\/\/www.upper-rhine-ports.eu\/de\/wp-json\/wp\/v2\/post_folder?post=2447"}],"curies":[{"name":"wp","href":"https:\/\/api.w.org\/{rel}","templated":true}]}}